{"id":34871,"date":"2023-02-21T09:35:57","date_gmt":"2023-02-21T08:35:57","guid":{"rendered":"https:\/\/nightwatchepilepsy.com\/?p=34871"},"modified":"2023-02-21T09:41:13","modified_gmt":"2023-02-21T08:41:13","slug":"maman-apaise-moi-aide","status":"publish","type":"post","link":"https:\/\/nightwatchepilepsy.com\/fr\/maman-apaise-moi-aide\/","title":{"rendered":"\u00ab\u00a0Maman, aide-moi, le tremblement revient\u00a0\u00bb"},"content":{"rendered":"<p>[et_pb_section fb_built=\u00a0\u00bb1&Prime; _builder_version=\u00a0\u00bb4.16&Prime; _module_preset=\u00a0\u00bbdefault\u00a0\u00bb saved_tabs=\u00a0\u00bball\u00a0\u00bb locked=\u00a0\u00bboff\u00a0\u00bb global_colors_info=\u00a0\u00bb{}\u00a0\u00bb][et_pb_row _builder_version=\u00a0\u00bb4.19.5&Prime; _module_preset=\u00a0\u00bbdefault\u00a0\u00bb global_colors_info=\u00a0\u00bb{}\u00a0\u00bb][et_pb_column type=\u00a0\u00bb4_4&Prime; _builder_version=\u00a0\u00bb4.19.5&Prime; _module_preset=\u00a0\u00bbdefault\u00a0\u00bb global_colors_info=\u00a0\u00bb{}\u00a0\u00bb][et_pb_text _builder_version=\u00a0\u00bb4.20.0&Prime; _module_preset=\u00a0\u00bbdefault\u00a0\u00bb hover_enabled=\u00a0\u00bb0&Prime; global_colors_info=\u00a0\u00bb{}\u00a0\u00bb sticky_enabled=\u00a0\u00bb0&Prime;]<strong>Une m\u00e8re gagne devant le tribunal social la prise en charge des frais de surveillance nocturne.<\/strong><strong><br \/>\n<\/strong>[\/et_pb_text][\/et_pb_column][\/et_pb_row][et_pb_row _builder_version=\u00a0\u00bb4.16&Prime; _module_preset=\u00a0\u00bbdefault\u00a0\u00bb custom_padding=\u00a0\u00bb0px||||false|false\u00a0\u00bb global_colors_info=\u00a0\u00bb{}\u00a0\u00bb][et_pb_column type=\u00a0\u00bb4_4&Prime; _builder_version=\u00a0\u00bb4.16&Prime; _module_preset=\u00a0\u00bbdefault\u00a0\u00bb global_colors_info=\u00a0\u00bb{}\u00a0\u00bb][et_pb_text _builder_version=\u00a0\u00bb4.20.0&Prime; _module_preset=\u00a0\u00bbdefault\u00a0\u00bb hover_enabled=\u00a0\u00bb0&Prime; global_colors_info=\u00a0\u00bb{}\u00a0\u00bb sticky_enabled=\u00a0\u00bb0&Prime;]<\/p>\n<p>Connaissez-vous la tanzcompany DIN A 13 ? \u00ab\u00a0La tanzcompany DIN A 13 est au niveau international l&rsquo;un des rares ensembles de danse dont les membres sont compos\u00e9s de danseurs avec ou sans handicap physique\u00a0\u00bb (<a href=\"https:\/\/www.din-a13.de\/de\" target=\"_blank\" rel=\"noopener\">www.din-a13.de<\/a>). Il ne s&rsquo;agit pas d&rsquo;inclusion, mais d&rsquo;art et d&rsquo;expression d&rsquo;une vie aux multiples facettes dans des formes de mouvement et de jeu.<\/p>\n<p>[\/et_pb_text][\/et_pb_column][\/et_pb_row][et_pb_row _builder_version=\u00a0\u00bb4.19.5&Prime; _module_preset=\u00a0\u00bbdefault\u00a0\u00bb custom_padding=\u00a0\u00bb0px||0px||false|false\u00a0\u00bb global_colors_info=\u00a0\u00bb{}\u00a0\u00bb][et_pb_column type=\u00a0\u00bb4_4&Prime; _builder_version=\u00a0\u00bb4.19.5&Prime; _module_preset=\u00a0\u00bbdefault\u00a0\u00bb global_colors_info=\u00a0\u00bb{}\u00a0\u00bb][et_pb_image src=\u00a0\u00bbhttps:\/\/nightwatchepilepsy.com\/wp-content\/uploads\/2023\/02\/NightWatch_please-help-me_3.jpeg\u00a0\u00bb title_text=\u00a0\u00bbNightWatch_please-help-me_3&Prime; _builder_version=\u00a0\u00bb4.19.5&Prime; _module_preset=\u00a0\u00bbdefault\u00a0\u00bb global_colors_info=\u00a0\u00bb{}\u00a0\u00bb][\/et_pb_image][\/et_pb_column][\/et_pb_row][et_pb_row _builder_version=\u00a0\u00bb4.19.5&Prime; _module_preset=\u00a0\u00bbdefault\u00a0\u00bb custom_padding=\u00a0\u00bb0px||||false|false\u00a0\u00bb global_colors_info=\u00a0\u00bb{}\u00a0\u00bb][et_pb_column type=\u00a0\u00bb4_4&Prime; _builder_version=\u00a0\u00bb4.19.5&Prime; _module_preset=\u00a0\u00bbdefault\u00a0\u00bb global_colors_info=\u00a0\u00bb{}\u00a0\u00bb][et_pb_text _builder_version=\u00a0\u00bb4.20.0&Prime; _module_preset=\u00a0\u00bbdefault\u00a0\u00bb hover_enabled=\u00a0\u00bb0&Prime; global_colors_info=\u00a0\u00bb{}\u00a0\u00bb sticky_enabled=\u00a0\u00bb0&Prime;]<\/p>\n<p><em><span>Programme d&rsquo;\u00e9ducation de la DIN A 13 tanzcompany M.A.D.E. : Soir\u00e9e d&rsquo;\u00e9ducation \u00e0 la danse mixte avec Anastasia Olfert (en chemisier bleu), Photo : priv\u00e9e<\/span><\/em><\/p>\n<p>[\/et_pb_text][\/et_pb_column][\/et_pb_row][et_pb_row _builder_version=\u00a0\u00bb4.19.5&Prime; _module_preset=\u00a0\u00bbdefault\u00a0\u00bb custom_margin=\u00a0\u00bb||||false|false\u00a0\u00bb custom_padding=\u00a0\u00bb0px||||false|false\u00a0\u00bb global_colors_info=\u00a0\u00bb{}\u00a0\u00bb][et_pb_column type=\u00a0\u00bb4_4&Prime; _builder_version=\u00a0\u00bb4.19.4&Prime; _module_preset=\u00a0\u00bbdefault\u00a0\u00bb global_colors_info=\u00a0\u00bb{}\u00a0\u00bb][et_pb_text _builder_version=\u00a0\u00bb4.20.0&Prime; _module_preset=\u00a0\u00bbdefault\u00a0\u00bb hover_enabled=\u00a0\u00bb0&Prime; global_colors_info=\u00a0\u00bb{}\u00a0\u00bb sticky_enabled=\u00a0\u00bb0&Prime;]<\/p>\n<p><span>Anastasia Olfert est productrice cr\u00e9ative chez DIN A13 tanzcompany. Elle s&rsquo;occupe de tout ce qui concerne la gestion des productions de danse.<\/span><\/p>\n<p>[\/et_pb_text][\/et_pb_column][\/et_pb_row][\/et_pb_section][et_pb_section fb_built=\u00a0\u00bb1&Prime; custom_padding_last_edited=\u00a0\u00bbon|tablet\u00a0\u00bb _builder_version=\u00a0\u00bb4.16&Prime; _module_preset=\u00a0\u00bbdefault\u00a0\u00bb background_color=\u00a0\u00bb#f7f9fd\u00a0\u00bb custom_padding_tablet=\u00a0\u00bb0px|20px|0px|20px|false|false\u00a0\u00bb custom_padding_phone=\u00a0\u00bb0px|20px|0px|20px|false|false\u00a0\u00bb saved_tabs=\u00a0\u00bball\u00a0\u00bb locked=\u00a0\u00bboff\u00a0\u00bb global_colors_info=\u00a0\u00bb{}\u00a0\u00bb][et_pb_row _builder_version=\u00a0\u00bb4.19.4&Prime; _module_preset=\u00a0\u00bbdefault\u00a0\u00bb global_colors_info=\u00a0\u00bb{}\u00a0\u00bb][et_pb_column type=\u00a0\u00bb4_4&Prime; _builder_version=\u00a0\u00bb4.19.4&Prime; _module_preset=\u00a0\u00bbdefault\u00a0\u00bb global_colors_info=\u00a0\u00bb{}\u00a0\u00bb][et_pb_text _builder_version=\u00a0\u00bb4.20.0&Prime; _module_preset=\u00a0\u00bbdefault\u00a0\u00bb hover_enabled=\u00a0\u00bb0&Prime; global_colors_info=\u00a0\u00bb{}\u00a0\u00bb sticky_enabled=\u00a0\u00bb0&Prime;]<\/p>\n<p><span>Sa fille, Aurora Jose, 5 ans et demi, apprend la danse et le mouvement au sein de la tanzcompany, dans une atmosph\u00e8re d\u00e9tendue et relaxante. On lui enseigne que son corps lui envoie les bons signaux et elle apprend \u00e0 \u00e9couter ces signaux.<\/span><\/p>\n<p><span>\u00ab\u00a0Maman, aide-moi s&rsquo;il te pla\u00eet, le tremblement revient\u00a0\u00bb est une phrase qu&rsquo;Anastasia entend de la bouche de sa fille lorsque celle-ci remarque au cours de la journ\u00e9e qu&rsquo;une crise pourrait survenir ou que quelque chose change dans son corps ou sa perception. Au-del\u00e0 des limites du physique, la m\u00e8re et la fille essaient de trouver des alternatives en plus des traitements m\u00e9dicamenteux classiques n\u00e9cessaires et \u00e0 la surveillance des crises avec NightWatch, qui augmente la qualit\u00e9 de vie et apporte \u00e9galement joie et motivation. <\/span><\/p>\n<p><span>\u00ab\u00a0Il est important que les enfants connaissent leurs ressources, comme la force et la r\u00e9silience, et qu&rsquo;ils puissent les utiliser dans les moments n\u00e9cessaires\u00a0\u00bb, explique Anastasia Olfert. \u00ab\u00a0Nous apprenons cela par des exercices de respiration, la danse, le mouvement, l&rsquo;acc\u00e8s \u00e0 la physicalit\u00e9, et nous avons aussi des tonis avec des moments de relaxation et nous faisons du bien-\u00eatre de temps en temps.\u00a0\u00bb Les m\u00e9dicaments rendent souvent sa fille fatigu\u00e9e et \u00e9tourdie, et \u00e0 travers la joie du mouvement et le rythme de la danse, sa fille est capable de secouer cette somnolence.<\/span><\/p>\n<p><span>Sa brillante fille Aurora a invent\u00e9 le mot \u00ab\u00a0wiggle\u00a0\u00bb pour ses crises d&rsquo;\u00e9pilepsie, qui se produisent principalement pendant le sommeil, et annonce \u00e0 sa m\u00e8re les crises possibles en disant : \u00ab\u00a0Maman, le wiggle revient\u00a0\u00bb. Gr\u00e2ce \u00e0 ce mot, l&rsquo;enfant est capable de bien accepter la maladie et les sympt\u00f4mes.<\/span><\/p>\n<p><span>Aurora a \u00e9t\u00e9 diagnostiqu\u00e9e avec le syndrome de West \/ \u00e9pilepsie BNS \u00e0 l&rsquo;\u00e2ge de 7 mois.<\/span><\/p>\n<p>[\/et_pb_text][\/et_pb_column][\/et_pb_row][\/et_pb_section][et_pb_section fb_built=\u00a0\u00bb1&Prime; _builder_version=\u00a0\u00bb4.16&Prime; _module_preset=\u00a0\u00bbdefault\u00a0\u00bb saved_tabs=\u00a0\u00bball\u00a0\u00bb locked=\u00a0\u00bboff\u00a0\u00bb global_colors_info=\u00a0\u00bb{}\u00a0\u00bb][et_pb_row column_structure=\u00a0\u00bb1_4,3_4&Prime; _builder_version=\u00a0\u00bb4.19.5&Prime; _module_preset=\u00a0\u00bbdefault\u00a0\u00bb background_color=\u00a0\u00bb#eef7ea\u00a0\u00bb custom_margin=\u00a0\u00bb||||false|false\u00a0\u00bb custom_padding=\u00a0\u00bb||||false|false\u00a0\u00bb border_radii=\u00a0\u00bbon|10px|10px|10px|10px\u00a0\u00bb global_colors_info=\u00a0\u00bb{}\u00a0\u00bb][et_pb_column type=\u00a0\u00bb1_4&Prime; _builder_version=\u00a0\u00bb4.16&Prime; _module_preset=\u00a0\u00bbdefault\u00a0\u00bb global_colors_info=\u00a0\u00bb{}\u00a0\u00bb][et_pb_image src=\u00a0\u00bbhttps:\/\/nightwatchepilepsy.com\/wp-content\/uploads\/2021\/10\/info.svg\u00a0\u00bb title_text=\u00a0\u00bbinfo\u00a0\u00bb align_tablet=\u00a0\u00bb\u00a0\u00bb align_phone=\u00a0\u00bbcenter\u00a0\u00bb align_last_edited=\u00a0\u00bbon|phone\u00a0\u00bb _builder_version=\u00a0\u00bb4.19.5&Prime; _module_preset=\u00a0\u00bbdefault\u00a0\u00bb width=\u00a0\u00bb49.8%\u00a0\u00bb min_height=\u00a0\u00bb62.7px\u00a0\u00bb custom_padding=\u00a0\u00bb40px|||29px|false|false\u00a0\u00bb custom_padding_tablet=\u00a0\u00bb|0px||29px||\u00a0\u00bb custom_padding_phone=\u00a0\u00bb|||0px|false|false\u00a0\u00bb custom_padding_last_edited=\u00a0\u00bbon|phone\u00a0\u00bb global_colors_info=\u00a0\u00bb{}\u00a0\u00bb][\/et_pb_image][\/et_pb_column][et_pb_column type=\u00a0\u00bb3_4&Prime; _builder_version=\u00a0\u00bb4.16&Prime; _module_preset=\u00a0\u00bbdefault\u00a0\u00bb global_colors_info=\u00a0\u00bb{}\u00a0\u00bb][et_pb_text content_tablet=\u00a0\u00bb<\/p>\n<p><span>Around 50-70% of the children eventually grow out of their seizures. This is most likely to happen in children who respond well to medication, have relatively few seizures or when there is no evidence of an underlying neurological problem.<\/span><\/p>\n<p>\u00a0\u00bb content_phone=\u00a0\u00bb\u00a0\u00bb content_last_edited=\u00a0\u00bbon|phone\u00a0\u00bb _builder_version=\u00a0\u00bb4.20.0&Prime; _module_preset=\u00a0\u00bbdefault\u00a0\u00bb width=\u00a0\u00bb96.9%\u00a0\u00bb min_height=\u00a0\u00bb36px\u00a0\u00bb custom_margin=\u00a0\u00bb10px||26px|-154px||\u00a0\u00bb custom_margin_tablet=\u00a0\u00bb10px||26px|-154px||\u00a0\u00bb custom_margin_phone=\u00a0\u00bb0px|10px|0px|10px|false|false\u00a0\u00bb custom_margin_last_edited=\u00a0\u00bbon|phone\u00a0\u00bb custom_padding=\u00a0\u00bb|||0px||\u00a0\u00bb hover_enabled=\u00a0\u00bb0&Prime; global_colors_info=\u00a0\u00bb{}\u00a0\u00bb sticky_enabled=\u00a0\u00bb0&Prime;]<\/p>\n<p><em>Note de l&rsquo;auteur : selon l&rsquo;ILAE, le syndrome de West est reconnu comme un syndrome \u00e9pileptique infantile depuis sa premi\u00e8re apparition (1841) (classification ICD-10 : G40. 4, autres \u00e9pilepsies et syndromes \u00e9pileptiques g\u00e9n\u00e9ralis\u00e9s) et est consid\u00e9r\u00e9 comme un paradigme d&rsquo;un syndrome \u00e9pileptique conduisant \u00e0 une d\u00e9t\u00e9rioration neurologique (enc\u00e9phalopathie \u00e9pileptique) et a fait l&rsquo;objet de nombreuses \u00e9tudes visant \u00e0 comprendre les relations complexes entre un trouble \u00e9pileptique et le neurod\u00e9veloppement. Le SNB d\u00e9signe les \u00ab\u00a0crises de flash, les crises de hochement de t\u00eate et les convulsions de salaam\u00a0\u00bb.<\/em><\/p>\n<p>[\/et_pb_text][\/et_pb_column][\/et_pb_row][\/et_pb_section][et_pb_section fb_built=\u00a0\u00bb1&Prime; _builder_version=\u00a0\u00bb4.19.4&Prime; _module_preset=\u00a0\u00bbdefault\u00a0\u00bb background_color=\u00a0\u00bb#f7f9fd\u00a0\u00bb global_colors_info=\u00a0\u00bb{}\u00a0\u00bb][et_pb_row column_structure=\u00a0\u00bb1_2,1_2&Prime; _builder_version=\u00a0\u00bb4.19.4&Prime; _module_preset=\u00a0\u00bbdefault\u00a0\u00bb global_colors_info=\u00a0\u00bb{}\u00a0\u00bb][et_pb_column type=\u00a0\u00bb1_2&Prime; _builder_version=\u00a0\u00bb4.19.4&Prime; _module_preset=\u00a0\u00bbdefault\u00a0\u00bb global_colors_info=\u00a0\u00bb{}\u00a0\u00bb][et_pb_text _builder_version=\u00a0\u00bb4.20.0&Prime; _module_preset=\u00a0\u00bbdefault\u00a0\u00bb hover_enabled=\u00a0\u00bb0&Prime; global_colors_info=\u00a0\u00bb{}\u00a0\u00bb sticky_enabled=\u00a0\u00bb0&Prime;]<\/p>\n<p><span>Le syndrome de West est consid\u00e9r\u00e9 comme difficile ou r\u00e9sistant \u00e0 la th\u00e9rapie, ce qui signifie que les crises surviennent malgr\u00e9 les m\u00e9dicaments. Heureusement, Aurora n&rsquo;a pas eu de crise pendant un an et demi d\u00e8s la prise du premier m\u00e9dicament. \u00c0 deux ans et demi, les crises sont revenues, et toutes les crises provenaient du sommeil. Aurora dort sur le ventre et fait des crises dans son oreiller. Le pronostic du syndrome de West est associ\u00e9 \u00e0 une esp\u00e9rance de vie r\u00e9duite et, par cons\u00e9quent, il s&rsquo;accompagne d&rsquo;une charge psychologique et d&rsquo;un stress accru pour les soignants. La m\u00e8re a un emploi et la fille dort dans sa propre chambre. En raison de l&rsquo;\u00e9tat de l&rsquo;enfant et du type de crises d&rsquo;\u00e9pilepsie, la m\u00e8re a peur qu\u2019un incident se produise pendant son sommeil. L\u2019emploi de la m\u00e8re avec un enfant handicap\u00e9 est possible car Anastasia Olfert dispose d&rsquo;un r\u00e9seau de soutien familial. Ses parents l&rsquo;aident \u00e0 s&rsquo;occuper d&rsquo;Aurora ou l&rsquo;accompagnent \u00e0 l&rsquo;h\u00f4pital, entre autres. \u00ab\u00a0Tous les parents n&rsquo;ont pas les ressources n\u00e9cessaires pour \u00eatre employ\u00e9s comme je le suis, et j&rsquo;en suis tr\u00e8s reconnaissante.\u00a0\u00bb<\/span><\/p>\n<p>[\/et_pb_text][\/et_pb_column][et_pb_column type=\u00a0\u00bb1_2&Prime; _builder_version=\u00a0\u00bb4.19.4&Prime; _module_preset=\u00a0\u00bbdefault\u00a0\u00bb global_colors_info=\u00a0\u00bb{}\u00a0\u00bb][et_pb_image src=\u00a0\u00bbhttps:\/\/nightwatchepilepsy.com\/wp-content\/uploads\/2023\/02\/NightWatch_please-help-me_2.jpeg\u00a0\u00bb title_text=\u00a0\u00bbNightWatch_please-help-me_2&Prime; _builder_version=\u00a0\u00bb4.19.5&Prime; _module_preset=\u00a0\u00bbdefault\u00a0\u00bb global_colors_info=\u00a0\u00bb{}\u00a0\u00bb][\/et_pb_image][et_pb_text _builder_version=\u00a0\u00bb4.20.0&Prime; _module_preset=\u00a0\u00bbdefault\u00a0\u00bb custom_margin=\u00a0\u00bb-25px||||false|false\u00a0\u00bb custom_padding=\u00a0\u00bb||||false|false\u00a0\u00bb hover_enabled=\u00a0\u00bb0&Prime; global_colors_info=\u00a0\u00bb{}\u00a0\u00bb sticky_enabled=\u00a0\u00bb0&Prime;]<\/p>\n<p><em>Pendant les r\u00e9p\u00e9titions avec la tanzcompany DIN A 13, Aurora est au milieu. Photo : priv\u00e9e<\/em><\/p>\n<p>[\/et_pb_text][\/et_pb_column][\/et_pb_row][\/et_pb_section][et_pb_section fb_built=\u00a0\u00bb1&Prime; _builder_version=\u00a0\u00bb4.19.5&Prime; _module_preset=\u00a0\u00bbdefault\u00a0\u00bb global_colors_info=\u00a0\u00bb{}\u00a0\u00bb][et_pb_row _builder_version=\u00a0\u00bb4.19.5&Prime; _module_preset=\u00a0\u00bbdefault\u00a0\u00bb global_colors_info=\u00a0\u00bb{}\u00a0\u00bb][et_pb_column type=\u00a0\u00bb4_4&Prime; _builder_version=\u00a0\u00bb4.19.5&Prime; _module_preset=\u00a0\u00bbdefault\u00a0\u00bb global_colors_info=\u00a0\u00bb{}\u00a0\u00bb][et_pb_text _builder_version=\u00a0\u00bb4.20.0&Prime; _module_preset=\u00a0\u00bbdefault\u00a0\u00bb hover_enabled=\u00a0\u00bb0&Prime; global_colors_info=\u00a0\u00bb{}\u00a0\u00bb sticky_enabled=\u00a0\u00bb0&Prime;]<\/p>\n<p><span>En juin 2021, le m\u00e9decin traitant du SPZ de Cologne a prescrit NightWatch. Mme Olfert avait d\u00e9j\u00e0 essay\u00e9 NightWatch auparavant (position de portage sur le bras puis sur la jambe en raison d&rsquo;une \u00e9pilepsie BNS) et en \u00e9tait tr\u00e8s satisfaite. La m\u00e8re et l&rsquo;enfant dormaient plus sereinement parce qu&rsquo;ils pouvaient compter sur une aide d&rsquo;une grande sensibilit\u00e9. Le m\u00e9decin a recommand\u00e9 NightWatch en raison de sa multimodalit\u00e9 et de sa mobilit\u00e9. La mesure du rythme cardiaque, des mouvements et de la position du corps est plus appropri\u00e9e aux types de crises de l&rsquo;enfant. Le m\u00e9decin l&rsquo;a justifi\u00e9 dans sa lettre favorable \u00e0 la caisse d&rsquo;assurance maladie.<\/span><\/p>\n<p><span>La HEK a rejet\u00e9 la demande de NightWatch et a recommand\u00e9 Epicare. L&rsquo;objection de la m\u00e8re, accompagn\u00e9e d&rsquo;une nouvelle justification du m\u00e9decin, a \u00e9t\u00e9 rejet\u00e9e \u00e0 plusieurs reprises par la caisse d&rsquo;assurance maladie. Il n&rsquo;y a pas eu d&rsquo;appel de la caisse maladie ou de contact personnel, les demandes ont \u00e9t\u00e9 formellement rejet\u00e9es sans autre justification. \u00ab\u00a0Les parents doivent se justifier tout le temps quand ils ont un besoin pour leur enfant malade et un besoin de soutien, alors que nous avons d\u00e9j\u00e0 beaucoup \u00e0 faire avec les soins, le soutien et la gestion de l\u2019enfant au quotidien. Personne ne m&rsquo;a jamais parl\u00e9, il n&rsquo;y a pas eu de conversation en t\u00eate-\u00e0-t\u00eate et aucune place n&rsquo;a \u00e9t\u00e9 laiss\u00e9e \u00e0 l&rsquo;individualit\u00e9. Cela fait beaucoup de mal \u00e0 l&rsquo;esprit\u00a0\u00bb, dit Anastasia Olfert, en repensant au processus de candidature.<\/span><\/p>\n<p><span>Mme Olfert est alors devenue membre de l&rsquo;association sociale VdK Allemagne, un avocat lui a \u00e9t\u00e9 attribu\u00e9 et le VdK a pris en charge la proc\u00e9dure devant le tribunal social de Cologne. La pr\u00e9paration de la proc\u00e9dure a demand\u00e9 beaucoup de travail, toutes les hospitalisations, les visites chez le m\u00e9decin, les constatations, les prescriptions, etc. ont d\u00fb \u00eatre prouv\u00e9es depuis la naissance. Une expertise a \u00e9t\u00e9 demand\u00e9e \u00e0 un \u00e9pileptologue renomm\u00e9 et soumise au tribunal.<\/span><\/p>\n<p><span>Le tribunal social a accept\u00e9 la demande de la m\u00e8re en janvier 2023 et la HEK a maintenant approuv\u00e9 la demande de remboursement de NightWatch. Du c\u00f4t\u00e9 de la HEK est arriv\u00e9e une lettre dans laquelle \u00a0\u00bb la prise en charge des frais apr\u00e8s un nouvel examen \u00a0\u00bb a \u00e9t\u00e9 confirm\u00e9e.<\/span><\/p>\n<p>[\/et_pb_text][\/et_pb_column][\/et_pb_row][\/et_pb_section][et_pb_section fb_built=\u00a0\u00bb1&Prime; _builder_version=\u00a0\u00bb4.19.5&Prime; _module_preset=\u00a0\u00bbdefault\u00a0\u00bb background_color=\u00a0\u00bb#f7f9fd\u00a0\u00bb global_colors_info=\u00a0\u00bb{}\u00a0\u00bb][et_pb_row _builder_version=\u00a0\u00bb4.19.5&Prime; _module_preset=\u00a0\u00bbdefault\u00a0\u00bb global_colors_info=\u00a0\u00bb{}\u00a0\u00bb][et_pb_column type=\u00a0\u00bb4_4&Prime; _builder_version=\u00a0\u00bb4.19.5&Prime; _module_preset=\u00a0\u00bbdefault\u00a0\u00bb global_colors_info=\u00a0\u00bb{}\u00a0\u00bb][et_pb_text _builder_version=\u00a0\u00bb4.20.0&Prime; _module_preset=\u00a0\u00bbdefault\u00a0\u00bb hover_enabled=\u00a0\u00bb0&Prime; global_colors_info=\u00a0\u00bb{}\u00a0\u00bb sticky_enabled=\u00a0\u00bb0&Prime;]<\/p>\n<p><span>Quand Anastasia dort chez ses grands-parents ou, comme r\u00e9cemment, chez un ami, NightWatch l&rsquo;accompagne, bien s\u00fbr. Mais ce qui est encore plus important pour Aurora, c&rsquo;est que Yoyo, la peluche de NightWatch, l&rsquo;accompagne. \u00ab\u00a0Si Yoyo est avec moi, maman, alors je ne suis pas seule et nous pouvons tous les deux aller au lit. Nous ne ratons pas le tremblement\u00a0\u00bb, a d\u00e9clar\u00e9 Aurora.<\/span><\/p>\n<p>[\/et_pb_text][\/et_pb_column][\/et_pb_row][et_pb_row _builder_version=\u00a0\u00bb4.19.5&Prime; _module_preset=\u00a0\u00bbdefault\u00a0\u00bb custom_padding=\u00a0\u00bb0px||0px||false|false\u00a0\u00bb global_colors_info=\u00a0\u00bb{}\u00a0\u00bb][et_pb_column type=\u00a0\u00bb4_4&Prime; _builder_version=\u00a0\u00bb4.19.5&Prime; _module_preset=\u00a0\u00bbdefault\u00a0\u00bb global_colors_info=\u00a0\u00bb{}\u00a0\u00bb][et_pb_image src=\u00a0\u00bbhttps:\/\/nightwatchepilepsy.com\/wp-content\/uploads\/2023\/02\/NightWatch_please-help-me.jpeg\u00a0\u00bb title_text=\u00a0\u00bbNightWatch_please-help-me\u00a0\u00bb _builder_version=\u00a0\u00bb4.19.5&Prime; _module_preset=\u00a0\u00bbdefault\u00a0\u00bb global_colors_info=\u00a0\u00bb{}\u00a0\u00bb][\/et_pb_image][\/et_pb_column][\/et_pb_row][et_pb_row _builder_version=\u00a0\u00bb4.19.5&Prime; _module_preset=\u00a0\u00bbdefault\u00a0\u00bb custom_padding=\u00a0\u00bb0px||||false|false\u00a0\u00bb global_colors_info=\u00a0\u00bb{}\u00a0\u00bb][et_pb_column type=\u00a0\u00bb4_4&Prime; _builder_version=\u00a0\u00bb4.19.5&Prime; _module_preset=\u00a0\u00bbdefault\u00a0\u00bb global_colors_info=\u00a0\u00bb{}\u00a0\u00bb][et_pb_text _builder_version=\u00a0\u00bb4.20.0&Prime; _module_preset=\u00a0\u00bbdefault\u00a0\u00bb hover_enabled=\u00a0\u00bb0&Prime; global_colors_info=\u00a0\u00bb{}\u00a0\u00bb sticky_enabled=\u00a0\u00bb0&Prime;]<\/p>\n<p><em>Aurora endormie <\/em>\ud83d\ude0a<em>. Photo : priv\u00e9e<\/em><\/p>\n<p>[\/et_pb_text][\/et_pb_column][\/et_pb_row][\/et_pb_section][et_pb_section fb_built=\u00a0\u00bb1&Prime; _builder_version=\u00a0\u00bb4.19.5&Prime; _module_preset=\u00a0\u00bbdefault\u00a0\u00bb global_colors_info=\u00a0\u00bb{}\u00a0\u00bb][et_pb_row _builder_version=\u00a0\u00bb4.19.5&Prime; _module_preset=\u00a0\u00bbdefault\u00a0\u00bb custom_padding=\u00a0\u00bb||0px||false|false\u00a0\u00bb global_colors_info=\u00a0\u00bb{}\u00a0\u00bb][et_pb_column type=\u00a0\u00bb4_4&Prime; _builder_version=\u00a0\u00bb4.19.5&Prime; _module_preset=\u00a0\u00bbdefault\u00a0\u00bb global_colors_info=\u00a0\u00bb{}\u00a0\u00bb][et_pb_text _builder_version=\u00a0\u00bb4.20.0&Prime; _module_preset=\u00a0\u00bbdefault\u00a0\u00bb hover_enabled=\u00a0\u00bb0&Prime; global_colors_info=\u00a0\u00bb{}\u00a0\u00bb sticky_enabled=\u00a0\u00bb0&Prime;]<\/p>\n<p><span>Dans un avenir proche, Mme Olfert aimerait faire une cure m\u00e8re-enfant avec sa fille et refaire un stage de perfectionnement FAMOSES. Elle aime le contact et l&rsquo;\u00e9change entre personnes partageant les m\u00eames id\u00e9es. A partir d&rsquo;ao\u00fbt 2023, Aurora ira \u00e0 l&rsquo;\u00e9cole (1\u00e8re ann\u00e9e). Ils ont trouv\u00e9 l'\u00a0\u00bbActive School\u00a0\u00bb, une \u00e9cole de soutien et d&rsquo;int\u00e9gration, o\u00f9 plusieurs enfants \u00e9pileptiques sont inscrits et que tous deux attendent d\u00e9j\u00e0 avec impatience.<\/span><\/p>\n<p><span>Lorsqu&rsquo;on lui demande o\u00f9 elle trouve son \u00e9nergie, Anastasia Olfert r\u00e9pond : \u00ab\u00a0Je puise mon \u00e9nergie dans la maison de mes parents et dans mon travail avec des personnes qui sentent qu&rsquo;elles ont des besoins diff\u00e9rents et qu&rsquo;il est naturel d&rsquo;avoir des besoins diff\u00e9rents. Je prends soin de moi, j&rsquo;ai \u00e9galement eu une bonne assistante sociale et je b\u00e9n\u00e9ficie du soutien des services de r\u00e9pit familial, qui savent aussi d\u00e9j\u00e0 bien comment g\u00e9rer NightWatch.\u00a0\u00bb<\/span><\/p>\n<p><span>Et lorsqu&rsquo;on lui demande comment elle vit le \u00ab\u00a0tremblement\u00a0\u00bb de sa fille en tant que m\u00e8re, elle r\u00e9pond : \u00ab\u00a0Quand un corps s&rsquo;arr\u00eate, l&rsquo;autre (l&rsquo;observateur, l&rsquo;aidant) s&rsquo;arr\u00eate aussi. Il faut que les parents aillent bien pour que les enfants aillent bien. Il y a un an, j&rsquo;ai eu un prolapsus, et c&rsquo;est l\u00e0 que j&rsquo;ai r\u00e9alis\u00e9 que je ne pouvais pas aller plus loin, je n&rsquo;avais plus de force. Avec l&rsquo;aide de la physioth\u00e9rapie et de l&rsquo;ost\u00e9opathie, j&rsquo;ai surmont\u00e9 la douleur sans avoir recours \u00e0 la chirurgie. Pour beaucoup de choses, il faut souvent du temps et de la patience. Bien s\u00fbr, il faut faire quelque chose pour que les choses s&rsquo;arrangent, et pour cela, il est important de conna\u00eetre ses ressources et de pouvoir s&rsquo;y appuyer.\u00a0\u00bb<\/span><\/p>\n<p><span>Merci beaucoup pour cette interview int\u00e9ressante !<\/span><\/p>\n<p><span><\/span><\/p>\n<p><span>Tous mes v\u0153ux, Birgit E. Langen<\/span><\/p>\n<p>[\/et_pb_text][\/et_pb_column][\/et_pb_row][\/et_pb_section]<\/p>\n","protected":false},"excerpt":{"rendered":"<p>Aurora a \u00e9t\u00e9 diagnostiqu\u00e9e avec le syndrome de West \/ \u00e9pilepsie BNS \u00e0 l&rsquo;\u00e2ge de 7 mois et sa m\u00e8re obtient devant le tribunal social la prise en charge des frais de surveillance nocturne.<\/p>\n","protected":false},"author":3,"featured_media":34678,"comment_status":"closed","ping_status":"closed","sticky":false,"template":"","format":"standard","meta":{"_et_pb_use_builder":"on","_et_pb_old_content":"","_et_gb_content_width":"","footnotes":""},"categories":[23],"tags":[],"class_list":["post-34871","post","type-post","status-publish","format-standard","has-post-thumbnail","hentry","category-nightwatch-stories"],"yoast_head":"<!-- This site is optimized with the Yoast SEO plugin v27.4 - https:\/\/yoast.com\/product\/yoast-seo-wordpress\/ -->\n<title>&quot;Maman, le tremblement revient&quot; | Une histoire de veille nocturne<\/title>\n<meta name=\"description\" content=\"Aurora a \u00e9t\u00e9 diagnostiqu\u00e9e avec le syndrome de West \/ \u00e9pilepsie BNS \u00e0 l&#039;\u00e2ge de 7 mois et sa m\u00e8re obtient devant le tribunal social la prise en charge des frais de surveillance nocturne.\" \/>\n<meta name=\"robots\" content=\"index, follow, max-snippet:-1, max-image-preview:large, max-video-preview:-1\" \/>\n<link rel=\"canonical\" href=\"https:\/\/nightwatchepilepsy.com\/fr\/maman-apaise-moi-aide\/\" \/>\n<meta property=\"og:locale\" content=\"fr_FR\" \/>\n<meta property=\"og:type\" content=\"article\" \/>\n<meta property=\"og:title\" content=\"&quot;Maman, le tremblement revient&quot; | Une histoire de veille nocturne\" \/>\n<meta property=\"og:description\" content=\"Aurora a \u00e9t\u00e9 diagnostiqu\u00e9e avec le syndrome de West \/ \u00e9pilepsie BNS \u00e0 l&#039;\u00e2ge de 7 mois et sa m\u00e8re obtient devant le tribunal social la prise en charge des frais de surveillance nocturne.\" \/>\n<meta property=\"og:url\" content=\"https:\/\/nightwatchepilepsy.com\/fr\/maman-apaise-moi-aide\/\" \/>\n<meta property=\"og:site_name\" content=\"NightWatch\" \/>\n<meta property=\"article:publisher\" content=\"https:\/\/www.facebook.com\/EpilepsySeizureDetectionEN\" \/>\n<meta property=\"article:published_time\" content=\"2023-02-21T08:35:57+00:00\" \/>\n<meta property=\"article:modified_time\" content=\"2023-02-21T08:41:13+00:00\" \/>\n<meta property=\"og:image\" content=\"https:\/\/nightwatchepilepsy.com\/wp-content\/uploads\/2023\/02\/NightWatch_please-help-me.jpeg\" \/>\n\t<meta property=\"og:image:width\" content=\"1280\" \/>\n\t<meta property=\"og:image:height\" content=\"960\" \/>\n\t<meta property=\"og:image:type\" content=\"image\/jpeg\" \/>\n<meta name=\"author\" content=\"Danny Reiffers\" \/>\n<meta name=\"twitter:card\" content=\"summary_large_image\" \/>\n<meta name=\"twitter:title\" content=\"&quot;Maman, le tremblement revient&quot; | Une histoire de veille nocturne\" \/>\n<meta name=\"twitter:description\" content=\"Aurora a \u00e9t\u00e9 diagnostiqu\u00e9e avec le syndrome de West \/ \u00e9pilepsie BNS \u00e0 l&#039;\u00e2ge de 7 mois et sa m\u00e8re obtient devant le tribunal social la prise en charge des frais de surveillance nocturne.\" \/>\n<meta name=\"twitter:image\" content=\"https:\/\/nightwatchepilepsy.com\/wp-content\/uploads\/2023\/02\/NightWatch_please-help-me.jpeg\" \/>\n<meta name=\"twitter:creator\" content=\"@NightWatchAlarm\" \/>\n<meta name=\"twitter:site\" content=\"@NightWatchAlarm\" \/>\n<meta name=\"twitter:label1\" content=\"\u00c9crit par\" \/>\n\t<meta name=\"twitter:data1\" content=\"Danny Reiffers\" \/>\n\t<meta name=\"twitter:label2\" content=\"Dur\u00e9e de lecture estim\u00e9e\" \/>\n\t<meta name=\"twitter:data2\" content=\"7 minutes\" \/>\n<script type=\"application\/ld+json\" class=\"yoast-schema-graph\">{\"@context\":\"https:\\\/\\\/schema.org\",\"@graph\":[{\"@type\":\"Article\",\"@id\":\"https:\\\/\\\/nightwatchepilepsy.com\\\/fr\\\/maman-apaise-moi-aide\\\/#article\",\"isPartOf\":{\"@id\":\"https:\\\/\\\/nightwatchepilepsy.com\\\/fr\\\/maman-apaise-moi-aide\\\/\"},\"author\":{\"name\":\"Danny Reiffers\",\"@id\":\"https:\\\/\\\/nightwatchepilepsy.com\\\/fr\\\/#\\\/schema\\\/person\\\/6f5e033532cffd9823cb1bf490fc6be5\"},\"headline\":\"\u00ab\u00a0Maman, aide-moi, le tremblement revient\u00a0\u00bb\",\"datePublished\":\"2023-02-21T08:35:57+00:00\",\"dateModified\":\"2023-02-21T08:41:13+00:00\",\"mainEntityOfPage\":{\"@id\":\"https:\\\/\\\/nightwatchepilepsy.com\\\/fr\\\/maman-apaise-moi-aide\\\/\"},\"wordCount\":2660,\"publisher\":{\"@id\":\"https:\\\/\\\/nightwatchepilepsy.com\\\/fr\\\/#organization\"},\"image\":{\"@id\":\"https:\\\/\\\/nightwatchepilepsy.com\\\/fr\\\/maman-apaise-moi-aide\\\/#primaryimage\"},\"thumbnailUrl\":\"https:\\\/\\\/nightwatchepilepsy.com\\\/wp-content\\\/uploads\\\/2023\\\/02\\\/NightWatch_please-help-me_small.jpeg\",\"articleSection\":[\"Histoires NightWatch\"],\"inLanguage\":\"fr-FR\"},{\"@type\":\"WebPage\",\"@id\":\"https:\\\/\\\/nightwatchepilepsy.com\\\/fr\\\/maman-apaise-moi-aide\\\/\",\"url\":\"https:\\\/\\\/nightwatchepilepsy.com\\\/fr\\\/maman-apaise-moi-aide\\\/\",\"name\":\"\\\"Maman, le tremblement revient\\\" | Une histoire de veille nocturne\",\"isPartOf\":{\"@id\":\"https:\\\/\\\/nightwatchepilepsy.com\\\/fr\\\/#website\"},\"primaryImageOfPage\":{\"@id\":\"https:\\\/\\\/nightwatchepilepsy.com\\\/fr\\\/maman-apaise-moi-aide\\\/#primaryimage\"},\"image\":{\"@id\":\"https:\\\/\\\/nightwatchepilepsy.com\\\/fr\\\/maman-apaise-moi-aide\\\/#primaryimage\"},\"thumbnailUrl\":\"https:\\\/\\\/nightwatchepilepsy.com\\\/wp-content\\\/uploads\\\/2023\\\/02\\\/NightWatch_please-help-me_small.jpeg\",\"datePublished\":\"2023-02-21T08:35:57+00:00\",\"dateModified\":\"2023-02-21T08:41:13+00:00\",\"description\":\"Aurora a \u00e9t\u00e9 diagnostiqu\u00e9e avec le syndrome de West \\\/ \u00e9pilepsie BNS \u00e0 l'\u00e2ge de 7 mois et sa m\u00e8re obtient devant le tribunal social la prise en charge des frais de surveillance nocturne.\",\"breadcrumb\":{\"@id\":\"https:\\\/\\\/nightwatchepilepsy.com\\\/fr\\\/maman-apaise-moi-aide\\\/#breadcrumb\"},\"inLanguage\":\"fr-FR\",\"potentialAction\":[{\"@type\":\"ReadAction\",\"target\":[\"https:\\\/\\\/nightwatchepilepsy.com\\\/fr\\\/maman-apaise-moi-aide\\\/\"]}]},{\"@type\":\"ImageObject\",\"inLanguage\":\"fr-FR\",\"@id\":\"https:\\\/\\\/nightwatchepilepsy.com\\\/fr\\\/maman-apaise-moi-aide\\\/#primaryimage\",\"url\":\"https:\\\/\\\/nightwatchepilepsy.com\\\/wp-content\\\/uploads\\\/2023\\\/02\\\/NightWatch_please-help-me_small.jpeg\",\"contentUrl\":\"https:\\\/\\\/nightwatchepilepsy.com\\\/wp-content\\\/uploads\\\/2023\\\/02\\\/NightWatch_please-help-me_small.jpeg\",\"width\":640,\"height\":640},{\"@type\":\"BreadcrumbList\",\"@id\":\"https:\\\/\\\/nightwatchepilepsy.com\\\/fr\\\/maman-apaise-moi-aide\\\/#breadcrumb\",\"itemListElement\":[{\"@type\":\"ListItem\",\"position\":1,\"name\":\"Home\",\"item\":\"https:\\\/\\\/nightwatchepilepsy.com\\\/fr\\\/\"},{\"@type\":\"ListItem\",\"position\":2,\"name\":\"\u00ab\u00a0Maman, aide-moi, le tremblement revient\u00a0\u00bb\"}]},{\"@type\":\"WebSite\",\"@id\":\"https:\\\/\\\/nightwatchepilepsy.com\\\/fr\\\/#website\",\"url\":\"https:\\\/\\\/nightwatchepilepsy.com\\\/fr\\\/\",\"name\":\"NightWatch\",\"description\":\"Epilepsy seizure detection | Warns during sleep\",\"publisher\":{\"@id\":\"https:\\\/\\\/nightwatchepilepsy.com\\\/fr\\\/#organization\"},\"potentialAction\":[{\"@type\":\"SearchAction\",\"target\":{\"@type\":\"EntryPoint\",\"urlTemplate\":\"https:\\\/\\\/nightwatchepilepsy.com\\\/fr\\\/?s={search_term_string}\"},\"query-input\":{\"@type\":\"PropertyValueSpecification\",\"valueRequired\":true,\"valueName\":\"search_term_string\"}}],\"inLanguage\":\"fr-FR\"},{\"@type\":\"Organization\",\"@id\":\"https:\\\/\\\/nightwatchepilepsy.com\\\/fr\\\/#organization\",\"name\":\"NightWatch Epilepsy Seizure Detection\",\"alternateName\":\"NightWatch\",\"url\":\"https:\\\/\\\/nightwatchepilepsy.com\\\/fr\\\/\",\"logo\":{\"@type\":\"ImageObject\",\"inLanguage\":\"fr-FR\",\"@id\":\"https:\\\/\\\/nightwatchepilepsy.com\\\/fr\\\/#\\\/schema\\\/logo\\\/image\\\/\",\"url\":\"https:\\\/\\\/nightwatchepilepsy.com\\\/wp-content\\\/uploads\\\/2023\\\/02\\\/NightWatch-Logo.png\",\"contentUrl\":\"https:\\\/\\\/nightwatchepilepsy.com\\\/wp-content\\\/uploads\\\/2023\\\/02\\\/NightWatch-Logo.png\",\"width\":696,\"height\":696,\"caption\":\"NightWatch Epilepsy Seizure Detection\"},\"image\":{\"@id\":\"https:\\\/\\\/nightwatchepilepsy.com\\\/fr\\\/#\\\/schema\\\/logo\\\/image\\\/\"},\"sameAs\":[\"https:\\\/\\\/www.facebook.com\\\/EpilepsySeizureDetectionEN\",\"https:\\\/\\\/x.com\\\/NightWatchAlarm\",\"https:\\\/\\\/www.linkedin.com\\\/company\\\/nightwatch-epilepsy-detection\\\/\",\"https:\\\/\\\/www.instagram.com\\\/nightwatch_epilepsie_detectie\\\/\"]},{\"@type\":\"Person\",\"@id\":\"https:\\\/\\\/nightwatchepilepsy.com\\\/fr\\\/#\\\/schema\\\/person\\\/6f5e033532cffd9823cb1bf490fc6be5\",\"name\":\"Danny Reiffers\",\"image\":{\"@type\":\"ImageObject\",\"inLanguage\":\"fr-FR\",\"@id\":\"https:\\\/\\\/secure.gravatar.com\\\/avatar\\\/3373b743d9c71b7928adfc361473828885b6ec010d1b52fbcaa9514c748301f4?s=96&d=mm&r=g\",\"url\":\"https:\\\/\\\/secure.gravatar.com\\\/avatar\\\/3373b743d9c71b7928adfc361473828885b6ec010d1b52fbcaa9514c748301f4?s=96&d=mm&r=g\",\"contentUrl\":\"https:\\\/\\\/secure.gravatar.com\\\/avatar\\\/3373b743d9c71b7928adfc361473828885b6ec010d1b52fbcaa9514c748301f4?s=96&d=mm&r=g\",\"caption\":\"Danny Reiffers\"},\"url\":\"https:\\\/\\\/nightwatchepilepsy.com\\\/fr\\\/author\\\/danny\\\/\"}]}<\/script>\n<!-- \/ Yoast SEO plugin. -->","yoast_head_json":{"title":"\"Maman, le tremblement revient\" | Une histoire de veille nocturne","description":"Aurora a \u00e9t\u00e9 diagnostiqu\u00e9e avec le syndrome de West \/ \u00e9pilepsie BNS \u00e0 l'\u00e2ge de 7 mois et sa m\u00e8re obtient devant le tribunal social la prise en charge des frais de surveillance nocturne.","robots":{"index":"index","follow":"follow","max-snippet":"max-snippet:-1","max-image-preview":"max-image-preview:large","max-video-preview":"max-video-preview:-1"},"canonical":"https:\/\/nightwatchepilepsy.com\/fr\/maman-apaise-moi-aide\/","og_locale":"fr_FR","og_type":"article","og_title":"\"Maman, le tremblement revient\" | Une histoire de veille nocturne","og_description":"Aurora a \u00e9t\u00e9 diagnostiqu\u00e9e avec le syndrome de West \/ \u00e9pilepsie BNS \u00e0 l'\u00e2ge de 7 mois et sa m\u00e8re obtient devant le tribunal social la prise en charge des frais de surveillance nocturne.","og_url":"https:\/\/nightwatchepilepsy.com\/fr\/maman-apaise-moi-aide\/","og_site_name":"NightWatch","article_publisher":"https:\/\/www.facebook.com\/EpilepsySeizureDetectionEN","article_published_time":"2023-02-21T08:35:57+00:00","article_modified_time":"2023-02-21T08:41:13+00:00","og_image":[{"width":1280,"height":960,"url":"https:\/\/nightwatchepilepsy.com\/wp-content\/uploads\/2023\/02\/NightWatch_please-help-me.jpeg","type":"image\/jpeg"}],"author":"Danny Reiffers","twitter_card":"summary_large_image","twitter_title":"\"Maman, le tremblement revient\" | Une histoire de veille nocturne","twitter_description":"Aurora a \u00e9t\u00e9 diagnostiqu\u00e9e avec le syndrome de West \/ \u00e9pilepsie BNS \u00e0 l'\u00e2ge de 7 mois et sa m\u00e8re obtient devant le tribunal social la prise en charge des frais de surveillance nocturne.","twitter_image":"https:\/\/nightwatchepilepsy.com\/wp-content\/uploads\/2023\/02\/NightWatch_please-help-me.jpeg","twitter_creator":"@NightWatchAlarm","twitter_site":"@NightWatchAlarm","twitter_misc":{"\u00c9crit par":"Danny Reiffers","Dur\u00e9e de lecture estim\u00e9e":"7 minutes"},"schema":{"@context":"https:\/\/schema.org","@graph":[{"@type":"Article","@id":"https:\/\/nightwatchepilepsy.com\/fr\/maman-apaise-moi-aide\/#article","isPartOf":{"@id":"https:\/\/nightwatchepilepsy.com\/fr\/maman-apaise-moi-aide\/"},"author":{"name":"Danny Reiffers","@id":"https:\/\/nightwatchepilepsy.com\/fr\/#\/schema\/person\/6f5e033532cffd9823cb1bf490fc6be5"},"headline":"\u00ab\u00a0Maman, aide-moi, le tremblement revient\u00a0\u00bb","datePublished":"2023-02-21T08:35:57+00:00","dateModified":"2023-02-21T08:41:13+00:00","mainEntityOfPage":{"@id":"https:\/\/nightwatchepilepsy.com\/fr\/maman-apaise-moi-aide\/"},"wordCount":2660,"publisher":{"@id":"https:\/\/nightwatchepilepsy.com\/fr\/#organization"},"image":{"@id":"https:\/\/nightwatchepilepsy.com\/fr\/maman-apaise-moi-aide\/#primaryimage"},"thumbnailUrl":"https:\/\/nightwatchepilepsy.com\/wp-content\/uploads\/2023\/02\/NightWatch_please-help-me_small.jpeg","articleSection":["Histoires NightWatch"],"inLanguage":"fr-FR"},{"@type":"WebPage","@id":"https:\/\/nightwatchepilepsy.com\/fr\/maman-apaise-moi-aide\/","url":"https:\/\/nightwatchepilepsy.com\/fr\/maman-apaise-moi-aide\/","name":"\"Maman, le tremblement revient\" | Une histoire de veille nocturne","isPartOf":{"@id":"https:\/\/nightwatchepilepsy.com\/fr\/#website"},"primaryImageOfPage":{"@id":"https:\/\/nightwatchepilepsy.com\/fr\/maman-apaise-moi-aide\/#primaryimage"},"image":{"@id":"https:\/\/nightwatchepilepsy.com\/fr\/maman-apaise-moi-aide\/#primaryimage"},"thumbnailUrl":"https:\/\/nightwatchepilepsy.com\/wp-content\/uploads\/2023\/02\/NightWatch_please-help-me_small.jpeg","datePublished":"2023-02-21T08:35:57+00:00","dateModified":"2023-02-21T08:41:13+00:00","description":"Aurora a \u00e9t\u00e9 diagnostiqu\u00e9e avec le syndrome de West \/ \u00e9pilepsie BNS \u00e0 l'\u00e2ge de 7 mois et sa m\u00e8re obtient devant le tribunal social la prise en charge des frais de surveillance nocturne.","breadcrumb":{"@id":"https:\/\/nightwatchepilepsy.com\/fr\/maman-apaise-moi-aide\/#breadcrumb"},"inLanguage":"fr-FR","potentialAction":[{"@type":"ReadAction","target":["https:\/\/nightwatchepilepsy.com\/fr\/maman-apaise-moi-aide\/"]}]},{"@type":"ImageObject","inLanguage":"fr-FR","@id":"https:\/\/nightwatchepilepsy.com\/fr\/maman-apaise-moi-aide\/#primaryimage","url":"https:\/\/nightwatchepilepsy.com\/wp-content\/uploads\/2023\/02\/NightWatch_please-help-me_small.jpeg","contentUrl":"https:\/\/nightwatchepilepsy.com\/wp-content\/uploads\/2023\/02\/NightWatch_please-help-me_small.jpeg","width":640,"height":640},{"@type":"BreadcrumbList","@id":"https:\/\/nightwatchepilepsy.com\/fr\/maman-apaise-moi-aide\/#breadcrumb","itemListElement":[{"@type":"ListItem","position":1,"name":"Home","item":"https:\/\/nightwatchepilepsy.com\/fr\/"},{"@type":"ListItem","position":2,"name":"\u00ab\u00a0Maman, aide-moi, le tremblement revient\u00a0\u00bb"}]},{"@type":"WebSite","@id":"https:\/\/nightwatchepilepsy.com\/fr\/#website","url":"https:\/\/nightwatchepilepsy.com\/fr\/","name":"NightWatch","description":"Epilepsy seizure detection | Warns during sleep","publisher":{"@id":"https:\/\/nightwatchepilepsy.com\/fr\/#organization"},"potentialAction":[{"@type":"SearchAction","target":{"@type":"EntryPoint","urlTemplate":"https:\/\/nightwatchepilepsy.com\/fr\/?s={search_term_string}"},"query-input":{"@type":"PropertyValueSpecification","valueRequired":true,"valueName":"search_term_string"}}],"inLanguage":"fr-FR"},{"@type":"Organization","@id":"https:\/\/nightwatchepilepsy.com\/fr\/#organization","name":"NightWatch Epilepsy Seizure Detection","alternateName":"NightWatch","url":"https:\/\/nightwatchepilepsy.com\/fr\/","logo":{"@type":"ImageObject","inLanguage":"fr-FR","@id":"https:\/\/nightwatchepilepsy.com\/fr\/#\/schema\/logo\/image\/","url":"https:\/\/nightwatchepilepsy.com\/wp-content\/uploads\/2023\/02\/NightWatch-Logo.png","contentUrl":"https:\/\/nightwatchepilepsy.com\/wp-content\/uploads\/2023\/02\/NightWatch-Logo.png","width":696,"height":696,"caption":"NightWatch Epilepsy Seizure Detection"},"image":{"@id":"https:\/\/nightwatchepilepsy.com\/fr\/#\/schema\/logo\/image\/"},"sameAs":["https:\/\/www.facebook.com\/EpilepsySeizureDetectionEN","https:\/\/x.com\/NightWatchAlarm","https:\/\/www.linkedin.com\/company\/nightwatch-epilepsy-detection\/","https:\/\/www.instagram.com\/nightwatch_epilepsie_detectie\/"]},{"@type":"Person","@id":"https:\/\/nightwatchepilepsy.com\/fr\/#\/schema\/person\/6f5e033532cffd9823cb1bf490fc6be5","name":"Danny Reiffers","image":{"@type":"ImageObject","inLanguage":"fr-FR","@id":"https:\/\/secure.gravatar.com\/avatar\/3373b743d9c71b7928adfc361473828885b6ec010d1b52fbcaa9514c748301f4?s=96&d=mm&r=g","url":"https:\/\/secure.gravatar.com\/avatar\/3373b743d9c71b7928adfc361473828885b6ec010d1b52fbcaa9514c748301f4?s=96&d=mm&r=g","contentUrl":"https:\/\/secure.gravatar.com\/avatar\/3373b743d9c71b7928adfc361473828885b6ec010d1b52fbcaa9514c748301f4?s=96&d=mm&r=g","caption":"Danny Reiffers"},"url":"https:\/\/nightwatchepilepsy.com\/fr\/author\/danny\/"}]}},"_links":{"self":[{"href":"https:\/\/nightwatchepilepsy.com\/fr\/wp-json\/wp\/v2\/posts\/34871","targetHints":{"allow":["GET"]}}],"collection":[{"href":"https:\/\/nightwatchepilepsy.com\/fr\/wp-json\/wp\/v2\/posts"}],"about":[{"href":"https:\/\/nightwatchepilepsy.com\/fr\/wp-json\/wp\/v2\/types\/post"}],"author":[{"embeddable":true,"href":"https:\/\/nightwatchepilepsy.com\/fr\/wp-json\/wp\/v2\/users\/3"}],"replies":[{"embeddable":true,"href":"https:\/\/nightwatchepilepsy.com\/fr\/wp-json\/wp\/v2\/comments?post=34871"}],"version-history":[{"count":6,"href":"https:\/\/nightwatchepilepsy.com\/fr\/wp-json\/wp\/v2\/posts\/34871\/revisions"}],"predecessor-version":[{"id":34877,"href":"https:\/\/nightwatchepilepsy.com\/fr\/wp-json\/wp\/v2\/posts\/34871\/revisions\/34877"}],"wp:featuredmedia":[{"embeddable":true,"href":"https:\/\/nightwatchepilepsy.com\/fr\/wp-json\/wp\/v2\/media\/34678"}],"wp:attachment":[{"href":"https:\/\/nightwatchepilepsy.com\/fr\/wp-json\/wp\/v2\/media?parent=34871"}],"wp:term":[{"taxonomy":"category","embeddable":true,"href":"https:\/\/nightwatchepilepsy.com\/fr\/wp-json\/wp\/v2\/categories?post=34871"},{"taxonomy":"post_tag","embeddable":true,"href":"https:\/\/nightwatchepilepsy.com\/fr\/wp-json\/wp\/v2\/tags?post=34871"}],"curies":[{"name":"wp","href":"https:\/\/api.w.org\/{rel}","templated":true}]}}