{"id":27876,"date":"2021-12-14T14:49:49","date_gmt":"2021-12-14T13:49:49","guid":{"rendered":"https:\/\/nightwatchepilepsy.com\/?p=27876"},"modified":"2022-06-07T16:46:37","modified_gmt":"2022-06-07T15:46:37","slug":"pere-et-fils-syndrome-du-dravet","status":"publish","type":"post","link":"https:\/\/nightwatchepilepsy.com\/fr\/pere-et-fils-syndrome-du-dravet\/","title":{"rendered":"Le p\u00e8re, Keith, parle de son fils Thomas qui souffre du syndrome de Dravet"},"content":{"rendered":"\n[et_pb_section fb_built=\u00a0\u00bb1&Prime; _builder_version=\u00a0\u00bb4.16&Prime; _module_preset=\u00a0\u00bbdefault\u00a0\u00bb custom_margin=\u00a0\u00bb0px||||false|false\u00a0\u00bb custom_padding=\u00a0\u00bb0px||0px||false|false\u00a0\u00bb global_colors_info=\u00a0\u00bb{}\u00a0\u00bb][et_pb_row _builder_version=\u00a0\u00bb4.16&Prime; _module_preset=\u00a0\u00bbdefault\u00a0\u00bb global_colors_info=\u00a0\u00bb{}\u00a0\u00bb][et_pb_column type=\u00a0\u00bb4_4&Prime; _builder_version=\u00a0\u00bb4.16&Prime; _module_preset=\u00a0\u00bbdefault\u00a0\u00bb global_colors_info=\u00a0\u00bb{}\u00a0\u00bb][et_pb_text _builder_version=\u00a0\u00bb4.16.0&Prime; _module_preset=\u00a0\u00bbdefault\u00a0\u00bb hover_enabled=\u00a0\u00bb0&Prime; global_colors_info=\u00a0\u00bb{}\u00a0\u00bb sticky_enabled=\u00a0\u00bb0&Prime;]<div id=\"bgLayers_comp-k8ejtnp9\" class=\"X-jRX\">\n<div id=\"bgMedia_comp-k8ejtnp9\" class=\"_1J6n9\">\n<p>Notre fils Thomas a maintenant 20 ans et vit avec moi et sa m\u00e8re, Sarah, au Royaume-Uni. Sa s\u0153ur a\u00een\u00e9e, Kate, vit dans sa propre maison de location et travaille dans une agence immobili\u00e8re. J&rsquo;ai abandonn\u00e9 mon travail d&rsquo;ing\u00e9nieur de service, il y a environ 3 ans, pour pouvoir plus me consacrer aux soins de Thomas. Sarah travaille \u00e0 temps partiel pour l&rsquo;Agence pour l&rsquo;environnement.<\/p>\n<\/div>\n<\/div>[\/et_pb_text][et_pb_image src=\u00a0\u00bbhttps:\/\/nightwatchepilepsy.com\/wp-content\/uploads\/2021\/07\/father-keith.png\u00a0\u00bb title_text=\u00a0\u00bbfather-keith\u00a0\u00bb align=\u00a0\u00bbcenter\u00a0\u00bb _builder_version=\u00a0\u00bb4.16&Prime; _module_preset=\u00a0\u00bbdefault\u00a0\u00bb global_colors_info=\u00a0\u00bb{}\u00a0\u00bb][\/et_pb_image][et_pb_text _builder_version=\u00a0\u00bb4.16.0&Prime; _module_preset=\u00a0\u00bbdefault\u00a0\u00bb hover_enabled=\u00a0\u00bb0&Prime; global_colors_info=\u00a0\u00bb{}\u00a0\u00bb sticky_enabled=\u00a0\u00bb0&Prime;]<div id=\"bgLayers_comp-k8ejtnpq\" class=\"X-jRX\">\n<div id=\"bgMedia_comp-k8ejtnpq\" class=\"_1J6n9\"><\/div>\n<\/div>\n<div data-mesh-id=\"comp-k8ejtnpqinlineContent\" data-testid=\"inline-content\" class=\"\">\n<div data-mesh-id=\"comp-k8ejtnpqinlineContent-gridContainer\" data-testid=\"mesh-container-content\">\n<div id=\"comp-k8ejtnps1\" class=\"_2bafp\" data-testid=\"richTextElement\">\n<p>Depuis qu&rsquo;il a 5 mois, Thomas souffre d&rsquo;une maladie g\u00e9n\u00e9tique rare, appel\u00e9e le syndrome de Dravet, qui a n\u2019\u00e9t\u00e9 diagnostiqu\u00e9e qu\u2019\u00e0 l&rsquo;\u00e2ge de 14 ans. La maladie lui a caus\u00e9 de nombreux probl\u00e8mes, notamment une \u00e9pilepsie incontr\u00f4lable, de graves difficult\u00e9s d&rsquo;apprentissage, l&rsquo;autisme, des probl\u00e8mes de coordination et des troubles du sommeil. Il ne sait ni parler, ni lire, ni \u00e9crire. La vie est dure pour Thomas et notre famille.<\/p>\n<p>Thomas vient de commencer dans une \u00e9cole sp\u00e9cialis\u00e9e o\u00f9 ils essaient de l&rsquo;aider \u00e0 am\u00e9liorer ses techniques de communication. Il aime aller \u00e0 l&rsquo;\u00e9cole, car il peut alors passer son temps avec ses pairs et il est loin de sa m\u00e8re et de son p\u00e8re ennuyeux. \u00c0 l&rsquo;\u00e9cole, on le laisse participer au trampoline, faire du v\u00e9lo, et ils l&#8217;emm\u00e8nent en excursion dans les r\u00e9serves naturelles avec le minibus du coll\u00e8ge. Thomas aime beaucoup ces activit\u00e9s amusantes.<\/p>\n<p>Le probl\u00e8me de loin le plus dangereux pour Thomas est le nombre \u00e9lev\u00e9 de crises qu\u2019il subit, presque toujours pendant son sommeil. Chaque nuit, il peut avoir jusqu&rsquo;\u00e0 10 crises qui varient en type et en dur\u00e9e. La SUDEP (Mort subite inattendue en \u00e9pilepsie) est plus fr\u00e9quente chez les personnes atteintes du Syndrome de Dravet que chez d&rsquo;autres personnes \u00e9pileptiques. Bien que Thomas prenne des m\u00e9dicaments anti\u00e9pileptiques tous les jours, il peut avoir besoin d&rsquo;aide et d&rsquo;intervention m\u00e9dicale de ses soignants (le plus souvent sa m\u00e8re, parfois c\u2019est moi) chaque nuit. Thomas est compl\u00e8tement \u00e9puis\u00e9 lorsqu&rsquo;il a plusieurs crises tonico-cloniques en une nuit, et il a du mal \u00e0 fonctionner \u00ab normalement \u00bb le lendemain. \u00c0 cause de cela, il doit manquer plusieurs jours d\u2019\u00e9cole chaque semaine.<\/p>\n<p>Thomas a une chambre sp\u00e9cialement am\u00e9nag\u00e9e avec toutes sortes d&rsquo;\u00e9quipements de haute technologie pour assurer sa s\u00e9curit\u00e9. Il a un lit avec des c\u00f4t\u00e9s rembourr\u00e9s qui l&#8217;emp\u00eachent de tomber pendant les crises. Nous pouvons le surveiller pendant son sommeil \u00e0 l&rsquo;aide d&rsquo;appareils vid\u00e9o et sonores. Nous enregistrons toutes les crises nocturnes et les consignons dans un fichier Excel pour avoir une vue d&rsquo;ensemble r\u00e9guli\u00e8re. Au fil des ann\u00e9es, nous avons utilis\u00e9 plusieurs types d\u2019outils pour d\u00e9tecter ses crises. Aucun n&rsquo;est aussi performant que sa maman pour d\u00e9tecter les crises de Thomas ! Cependant, elle a aussi besoin de repos nocturne et nous avons donc besoin d&rsquo;un syst\u00e8me de secours.<\/p>\n<p>Nous avons d\u00e9couvert NightWatch r\u00e9cemment et l&rsquo;utilisons depuis plusieurs mois maintenant. Le syst\u00e8me est extr\u00eamement efficace pour avertir des crises et il est fiable. Jusqu&rsquo;\u00e0 pr\u00e9sent, le NightWatch n&rsquo;a jamais manqu\u00e9 une seule crise tonico-clonique. Le gros avantage par rapport aux autres syst\u00e8mes de d\u00e9tection est sa capacit\u00e9 \u00e0 d\u00e9tecter \u00e0 la fois les mouvements de crise et les changements de fr\u00e9quence cardiaque pendant les crises. Un autre avantage utile est que toutes les donn\u00e9es relatives aux crises peuvent \u00eatre envoy\u00e9es \u00e0 un portail en ligne. Cela nous donne un aper\u00e7u de la fa\u00e7on dont s&rsquo;est d\u00e9roul\u00e9e sa nuit, et les enregistrements nous indiquent \u00e0 quel moment les crises ont eu lieu. Nous pouvons \u00e9galement voir une image compl\u00e8te de sa fr\u00e9quence cardiaque au cours de chaque nuit. Ce que nous avons appris jusqu&rsquo;\u00e0 pr\u00e9sent, depuis que nous utilisons le NightWatch, c\u2019est qu\u2019il faut beaucoup de temps pour que la fr\u00e9quence cardiaque de Thomas revienne \u00e0 un niveau normal. Apr\u00e8s une crise tonico-clonique, cela peut prendre jusqu&rsquo;\u00e0 3 \u00e0 4 heures avant qu\u2019il ne retrouve son rythme cardiaque d\u2019avant la crise. Un jour, un ambulancier nous a dit que l&rsquo;impact d&rsquo;une crise \u00e9tait comparable \u00e0 celui d\u2019un marathon !<\/p>\n<p>L&rsquo;Equipe de NightWatch nous a bien accompagn\u00e9s. Ils me r\u00e9pondaient toujours quand j&rsquo;avais des questions ou besoin de conseils. Ils ont m\u00eame sugg\u00e9r\u00e9 un meilleur positionnement du bracelet NightWatch sur mon fils. En raison de son autisme, il peut \u00eatre sensible \u00e0 certaines situations, et d\u00e9placer le bracelet de son bras \u00e0 sa jambe a r\u00e9solu le probl\u00e8me. Cela fonctionne tr\u00e8s bien de cette mani\u00e8re.<\/p>\n<p>Nous continuons \u00e0 chercher un m\u00e9dicament qui puisse aider \u00e0 mieux contr\u00f4ler les crises de Thomas et \u00e0 am\u00e9liorer sa qualit\u00e9 de vie. Il existe de nouveaux m\u00e9dicaments qui devraient \u00eatre approuv\u00e9s dans les ann\u00e9es \u00e0 venir. Nous esp\u00e9rons que Thomas pourra \u00e9galement en profiter, afin que nous puissions continuer la lutte contre les crises incontr\u00f4l\u00e9es.<\/p>\n<\/div>\n<\/div>\n<\/div>[\/et_pb_text][\/et_pb_column][\/et_pb_row][\/et_pb_section]\n","protected":false},"excerpt":{"rendered":"<p>Au fil des ans, nous avons utilis\u00e9 plusieurs types de syst\u00e8mes de d\u00e9tection pour nous alerter.<\/p>\n","protected":false},"author":1,"featured_media":26715,"comment_status":"closed","ping_status":"closed","sticky":false,"template":"","format":"standard","meta":{"_et_pb_use_builder":"on","_et_pb_old_content":"","_et_gb_content_width":"","footnotes":""},"categories":[23],"tags":[],"class_list":["post-27876","post","type-post","status-publish","format-standard","has-post-thumbnail","hentry","category-nightwatch-stories"],"yoast_head":"<!-- This site is optimized with the Yoast SEO plugin v27.4 - https:\/\/yoast.com\/product\/yoast-seo-wordpress\/ -->\n<title>Le p\u00e8re, Keith, parle de son fils Thomas qui souffre du syndrome de Dravet<\/title>\n<meta name=\"description\" content=\"Notre fils Thomas vit avec moi et sa m\u00e8re. J&#039;ai abandonn\u00e9 mon travail d&#039;ing\u00e9nieur de service, il y a environ 3 ans, pour pouvoir plus me consacrer aux soins de Thomas.\" \/>\n<meta name=\"robots\" content=\"index, follow, max-snippet:-1, max-image-preview:large, max-video-preview:-1\" \/>\n<link rel=\"canonical\" href=\"https:\/\/nightwatchepilepsy.com\/fr\/pere-et-fils-syndrome-du-dravet\/\" \/>\n<meta property=\"og:locale\" content=\"fr_FR\" \/>\n<meta property=\"og:type\" content=\"article\" \/>\n<meta property=\"og:title\" content=\"Le p\u00e8re, Keith, parle de son fils Thomas qui souffre du syndrome de Dravet\" \/>\n<meta property=\"og:description\" content=\"Notre fils Thomas vit avec moi et sa m\u00e8re. J&#039;ai abandonn\u00e9 mon travail d&#039;ing\u00e9nieur de service, il y a environ 3 ans, pour pouvoir plus me consacrer aux soins de Thomas.\" \/>\n<meta property=\"og:url\" content=\"https:\/\/nightwatchepilepsy.com\/fr\/pere-et-fils-syndrome-du-dravet\/\" \/>\n<meta property=\"og:site_name\" content=\"NightWatch\" \/>\n<meta property=\"article:publisher\" content=\"https:\/\/www.facebook.com\/EpilepsySeizureDetectionEN\" \/>\n<meta property=\"article:published_time\" content=\"2021-12-14T13:49:49+00:00\" \/>\n<meta property=\"article:modified_time\" content=\"2022-06-07T15:46:37+00:00\" \/>\n<meta property=\"og:image\" content=\"https:\/\/nightwatchepilepsy.com\/wp-content\/uploads\/2021\/07\/NightWatch-story_keith_son.jpeg\" \/>\n\t<meta property=\"og:image:width\" content=\"640\" \/>\n\t<meta property=\"og:image:height\" content=\"640\" \/>\n\t<meta property=\"og:image:type\" content=\"image\/jpeg\" \/>\n<meta name=\"author\" content=\"admin\" \/>\n<meta name=\"twitter:card\" content=\"summary_large_image\" \/>\n<meta name=\"twitter:title\" content=\"Le p\u00e8re, Keith, parle de son fils Thomas qui souffre du syndrome de Dravet\" \/>\n<meta name=\"twitter:description\" content=\"Notre fils Thomas vit avec moi et sa m\u00e8re. J&#039;ai abandonn\u00e9 mon travail d&#039;ing\u00e9nieur de service, il y a environ 3 ans, pour pouvoir plus me consacrer aux soins de Thomas.\" \/>\n<meta name=\"twitter:image\" content=\"https:\/\/nightwatchepilepsy.com\/wp-content\/uploads\/2021\/07\/NightWatch-story_keith_son.jpeg\" \/>\n<meta name=\"twitter:creator\" content=\"@NightWatchAlarm\" \/>\n<meta name=\"twitter:site\" content=\"@NightWatchAlarm\" \/>\n<meta name=\"twitter:label1\" content=\"\u00c9crit par\" \/>\n\t<meta name=\"twitter:data1\" content=\"admin\" \/>\n\t<meta name=\"twitter:label2\" content=\"Dur\u00e9e de lecture estim\u00e9e\" \/>\n\t<meta name=\"twitter:data2\" content=\"4 minutes\" \/>\n<script type=\"application\/ld+json\" class=\"yoast-schema-graph\">{\"@context\":\"https:\\\/\\\/schema.org\",\"@graph\":[{\"@type\":\"Article\",\"@id\":\"https:\\\/\\\/nightwatchepilepsy.com\\\/fr\\\/pere-et-fils-syndrome-du-dravet\\\/#article\",\"isPartOf\":{\"@id\":\"https:\\\/\\\/nightwatchepilepsy.com\\\/fr\\\/pere-et-fils-syndrome-du-dravet\\\/\"},\"author\":{\"name\":\"admin\",\"@id\":\"https:\\\/\\\/nightwatchepilepsy.com\\\/fr\\\/#\\\/schema\\\/person\\\/309fe94670ae4afc7cffa6edfac96860\"},\"headline\":\"Le p\u00e8re, Keith, parle de son fils Thomas qui souffre du syndrome de Dravet\",\"datePublished\":\"2021-12-14T13:49:49+00:00\",\"dateModified\":\"2022-06-07T15:46:37+00:00\",\"mainEntityOfPage\":{\"@id\":\"https:\\\/\\\/nightwatchepilepsy.com\\\/fr\\\/pere-et-fils-syndrome-du-dravet\\\/\"},\"wordCount\":996,\"publisher\":{\"@id\":\"https:\\\/\\\/nightwatchepilepsy.com\\\/fr\\\/#organization\"},\"image\":{\"@id\":\"https:\\\/\\\/nightwatchepilepsy.com\\\/fr\\\/pere-et-fils-syndrome-du-dravet\\\/#primaryimage\"},\"thumbnailUrl\":\"https:\\\/\\\/nightwatchepilepsy.com\\\/wp-content\\\/uploads\\\/2021\\\/07\\\/NightWatch-story_keith_son.jpeg\",\"articleSection\":[\"Histoires NightWatch\"],\"inLanguage\":\"fr-FR\"},{\"@type\":\"WebPage\",\"@id\":\"https:\\\/\\\/nightwatchepilepsy.com\\\/fr\\\/pere-et-fils-syndrome-du-dravet\\\/\",\"url\":\"https:\\\/\\\/nightwatchepilepsy.com\\\/fr\\\/pere-et-fils-syndrome-du-dravet\\\/\",\"name\":\"Le p\u00e8re, Keith, parle de son fils Thomas qui souffre du syndrome de Dravet\",\"isPartOf\":{\"@id\":\"https:\\\/\\\/nightwatchepilepsy.com\\\/fr\\\/#website\"},\"primaryImageOfPage\":{\"@id\":\"https:\\\/\\\/nightwatchepilepsy.com\\\/fr\\\/pere-et-fils-syndrome-du-dravet\\\/#primaryimage\"},\"image\":{\"@id\":\"https:\\\/\\\/nightwatchepilepsy.com\\\/fr\\\/pere-et-fils-syndrome-du-dravet\\\/#primaryimage\"},\"thumbnailUrl\":\"https:\\\/\\\/nightwatchepilepsy.com\\\/wp-content\\\/uploads\\\/2021\\\/07\\\/NightWatch-story_keith_son.jpeg\",\"datePublished\":\"2021-12-14T13:49:49+00:00\",\"dateModified\":\"2022-06-07T15:46:37+00:00\",\"description\":\"Notre fils Thomas vit avec moi et sa m\u00e8re. J'ai abandonn\u00e9 mon travail d'ing\u00e9nieur de service, il y a environ 3 ans, pour pouvoir plus me consacrer aux soins de Thomas.\",\"breadcrumb\":{\"@id\":\"https:\\\/\\\/nightwatchepilepsy.com\\\/fr\\\/pere-et-fils-syndrome-du-dravet\\\/#breadcrumb\"},\"inLanguage\":\"fr-FR\",\"potentialAction\":[{\"@type\":\"ReadAction\",\"target\":[\"https:\\\/\\\/nightwatchepilepsy.com\\\/fr\\\/pere-et-fils-syndrome-du-dravet\\\/\"]}]},{\"@type\":\"ImageObject\",\"inLanguage\":\"fr-FR\",\"@id\":\"https:\\\/\\\/nightwatchepilepsy.com\\\/fr\\\/pere-et-fils-syndrome-du-dravet\\\/#primaryimage\",\"url\":\"https:\\\/\\\/nightwatchepilepsy.com\\\/wp-content\\\/uploads\\\/2021\\\/07\\\/NightWatch-story_keith_son.jpeg\",\"contentUrl\":\"https:\\\/\\\/nightwatchepilepsy.com\\\/wp-content\\\/uploads\\\/2021\\\/07\\\/NightWatch-story_keith_son.jpeg\",\"width\":640,\"height\":640},{\"@type\":\"BreadcrumbList\",\"@id\":\"https:\\\/\\\/nightwatchepilepsy.com\\\/fr\\\/pere-et-fils-syndrome-du-dravet\\\/#breadcrumb\",\"itemListElement\":[{\"@type\":\"ListItem\",\"position\":1,\"name\":\"Home\",\"item\":\"https:\\\/\\\/nightwatchepilepsy.com\\\/fr\\\/\"},{\"@type\":\"ListItem\",\"position\":2,\"name\":\"Le p\u00e8re, Keith, parle de son fils Thomas qui souffre du syndrome de Dravet\"}]},{\"@type\":\"WebSite\",\"@id\":\"https:\\\/\\\/nightwatchepilepsy.com\\\/fr\\\/#website\",\"url\":\"https:\\\/\\\/nightwatchepilepsy.com\\\/fr\\\/\",\"name\":\"NightWatch\",\"description\":\"Epilepsy seizure detection | Warns during sleep\",\"publisher\":{\"@id\":\"https:\\\/\\\/nightwatchepilepsy.com\\\/fr\\\/#organization\"},\"potentialAction\":[{\"@type\":\"SearchAction\",\"target\":{\"@type\":\"EntryPoint\",\"urlTemplate\":\"https:\\\/\\\/nightwatchepilepsy.com\\\/fr\\\/?s={search_term_string}\"},\"query-input\":{\"@type\":\"PropertyValueSpecification\",\"valueRequired\":true,\"valueName\":\"search_term_string\"}}],\"inLanguage\":\"fr-FR\"},{\"@type\":\"Organization\",\"@id\":\"https:\\\/\\\/nightwatchepilepsy.com\\\/fr\\\/#organization\",\"name\":\"NightWatch Epilepsy Seizure Detection\",\"alternateName\":\"NightWatch\",\"url\":\"https:\\\/\\\/nightwatchepilepsy.com\\\/fr\\\/\",\"logo\":{\"@type\":\"ImageObject\",\"inLanguage\":\"fr-FR\",\"@id\":\"https:\\\/\\\/nightwatchepilepsy.com\\\/fr\\\/#\\\/schema\\\/logo\\\/image\\\/\",\"url\":\"https:\\\/\\\/nightwatchepilepsy.com\\\/wp-content\\\/uploads\\\/2023\\\/02\\\/NightWatch-Logo.png\",\"contentUrl\":\"https:\\\/\\\/nightwatchepilepsy.com\\\/wp-content\\\/uploads\\\/2023\\\/02\\\/NightWatch-Logo.png\",\"width\":696,\"height\":696,\"caption\":\"NightWatch Epilepsy Seizure Detection\"},\"image\":{\"@id\":\"https:\\\/\\\/nightwatchepilepsy.com\\\/fr\\\/#\\\/schema\\\/logo\\\/image\\\/\"},\"sameAs\":[\"https:\\\/\\\/www.facebook.com\\\/EpilepsySeizureDetectionEN\",\"https:\\\/\\\/x.com\\\/NightWatchAlarm\",\"https:\\\/\\\/www.linkedin.com\\\/company\\\/nightwatch-epilepsy-detection\\\/\",\"https:\\\/\\\/www.instagram.com\\\/nightwatch_epilepsie_detectie\\\/\"]},{\"@type\":\"Person\",\"@id\":\"https:\\\/\\\/nightwatchepilepsy.com\\\/fr\\\/#\\\/schema\\\/person\\\/309fe94670ae4afc7cffa6edfac96860\",\"name\":\"admin\",\"image\":{\"@type\":\"ImageObject\",\"inLanguage\":\"fr-FR\",\"@id\":\"https:\\\/\\\/secure.gravatar.com\\\/avatar\\\/1b61b8bbcebf40e57978fc2f8d817bd18cbcdf211f4e36a56a352ac17e45acaa?s=96&d=mm&r=g\",\"url\":\"https:\\\/\\\/secure.gravatar.com\\\/avatar\\\/1b61b8bbcebf40e57978fc2f8d817bd18cbcdf211f4e36a56a352ac17e45acaa?s=96&d=mm&r=g\",\"contentUrl\":\"https:\\\/\\\/secure.gravatar.com\\\/avatar\\\/1b61b8bbcebf40e57978fc2f8d817bd18cbcdf211f4e36a56a352ac17e45acaa?s=96&d=mm&r=g\",\"caption\":\"admin\"},\"sameAs\":[\"https:\\\/\\\/nightwatchepilepsy.com\"],\"url\":\"https:\\\/\\\/nightwatchepilepsy.com\\\/fr\\\/author\\\/admin\\\/\"}]}<\/script>\n<!-- \/ Yoast SEO plugin. -->","yoast_head_json":{"title":"Le p\u00e8re, Keith, parle de son fils Thomas qui souffre du syndrome de Dravet","description":"Notre fils Thomas vit avec moi et sa m\u00e8re. J'ai abandonn\u00e9 mon travail d'ing\u00e9nieur de service, il y a environ 3 ans, pour pouvoir plus me consacrer aux soins de Thomas.","robots":{"index":"index","follow":"follow","max-snippet":"max-snippet:-1","max-image-preview":"max-image-preview:large","max-video-preview":"max-video-preview:-1"},"canonical":"https:\/\/nightwatchepilepsy.com\/fr\/pere-et-fils-syndrome-du-dravet\/","og_locale":"fr_FR","og_type":"article","og_title":"Le p\u00e8re, Keith, parle de son fils Thomas qui souffre du syndrome de Dravet","og_description":"Notre fils Thomas vit avec moi et sa m\u00e8re. J'ai abandonn\u00e9 mon travail d'ing\u00e9nieur de service, il y a environ 3 ans, pour pouvoir plus me consacrer aux soins de Thomas.","og_url":"https:\/\/nightwatchepilepsy.com\/fr\/pere-et-fils-syndrome-du-dravet\/","og_site_name":"NightWatch","article_publisher":"https:\/\/www.facebook.com\/EpilepsySeizureDetectionEN","article_published_time":"2021-12-14T13:49:49+00:00","article_modified_time":"2022-06-07T15:46:37+00:00","og_image":[{"width":640,"height":640,"url":"https:\/\/nightwatchepilepsy.com\/wp-content\/uploads\/2021\/07\/NightWatch-story_keith_son.jpeg","type":"image\/jpeg"}],"author":"admin","twitter_card":"summary_large_image","twitter_title":"Le p\u00e8re, Keith, parle de son fils Thomas qui souffre du syndrome de Dravet","twitter_description":"Notre fils Thomas vit avec moi et sa m\u00e8re. J'ai abandonn\u00e9 mon travail d'ing\u00e9nieur de service, il y a environ 3 ans, pour pouvoir plus me consacrer aux soins de Thomas.","twitter_image":"https:\/\/nightwatchepilepsy.com\/wp-content\/uploads\/2021\/07\/NightWatch-story_keith_son.jpeg","twitter_creator":"@NightWatchAlarm","twitter_site":"@NightWatchAlarm","twitter_misc":{"\u00c9crit par":"admin","Dur\u00e9e de lecture estim\u00e9e":"4 minutes"},"schema":{"@context":"https:\/\/schema.org","@graph":[{"@type":"Article","@id":"https:\/\/nightwatchepilepsy.com\/fr\/pere-et-fils-syndrome-du-dravet\/#article","isPartOf":{"@id":"https:\/\/nightwatchepilepsy.com\/fr\/pere-et-fils-syndrome-du-dravet\/"},"author":{"name":"admin","@id":"https:\/\/nightwatchepilepsy.com\/fr\/#\/schema\/person\/309fe94670ae4afc7cffa6edfac96860"},"headline":"Le p\u00e8re, Keith, parle de son fils Thomas qui souffre du syndrome de Dravet","datePublished":"2021-12-14T13:49:49+00:00","dateModified":"2022-06-07T15:46:37+00:00","mainEntityOfPage":{"@id":"https:\/\/nightwatchepilepsy.com\/fr\/pere-et-fils-syndrome-du-dravet\/"},"wordCount":996,"publisher":{"@id":"https:\/\/nightwatchepilepsy.com\/fr\/#organization"},"image":{"@id":"https:\/\/nightwatchepilepsy.com\/fr\/pere-et-fils-syndrome-du-dravet\/#primaryimage"},"thumbnailUrl":"https:\/\/nightwatchepilepsy.com\/wp-content\/uploads\/2021\/07\/NightWatch-story_keith_son.jpeg","articleSection":["Histoires NightWatch"],"inLanguage":"fr-FR"},{"@type":"WebPage","@id":"https:\/\/nightwatchepilepsy.com\/fr\/pere-et-fils-syndrome-du-dravet\/","url":"https:\/\/nightwatchepilepsy.com\/fr\/pere-et-fils-syndrome-du-dravet\/","name":"Le p\u00e8re, Keith, parle de son fils Thomas qui souffre du syndrome de Dravet","isPartOf":{"@id":"https:\/\/nightwatchepilepsy.com\/fr\/#website"},"primaryImageOfPage":{"@id":"https:\/\/nightwatchepilepsy.com\/fr\/pere-et-fils-syndrome-du-dravet\/#primaryimage"},"image":{"@id":"https:\/\/nightwatchepilepsy.com\/fr\/pere-et-fils-syndrome-du-dravet\/#primaryimage"},"thumbnailUrl":"https:\/\/nightwatchepilepsy.com\/wp-content\/uploads\/2021\/07\/NightWatch-story_keith_son.jpeg","datePublished":"2021-12-14T13:49:49+00:00","dateModified":"2022-06-07T15:46:37+00:00","description":"Notre fils Thomas vit avec moi et sa m\u00e8re. J'ai abandonn\u00e9 mon travail d'ing\u00e9nieur de service, il y a environ 3 ans, pour pouvoir plus me consacrer aux soins de Thomas.","breadcrumb":{"@id":"https:\/\/nightwatchepilepsy.com\/fr\/pere-et-fils-syndrome-du-dravet\/#breadcrumb"},"inLanguage":"fr-FR","potentialAction":[{"@type":"ReadAction","target":["https:\/\/nightwatchepilepsy.com\/fr\/pere-et-fils-syndrome-du-dravet\/"]}]},{"@type":"ImageObject","inLanguage":"fr-FR","@id":"https:\/\/nightwatchepilepsy.com\/fr\/pere-et-fils-syndrome-du-dravet\/#primaryimage","url":"https:\/\/nightwatchepilepsy.com\/wp-content\/uploads\/2021\/07\/NightWatch-story_keith_son.jpeg","contentUrl":"https:\/\/nightwatchepilepsy.com\/wp-content\/uploads\/2021\/07\/NightWatch-story_keith_son.jpeg","width":640,"height":640},{"@type":"BreadcrumbList","@id":"https:\/\/nightwatchepilepsy.com\/fr\/pere-et-fils-syndrome-du-dravet\/#breadcrumb","itemListElement":[{"@type":"ListItem","position":1,"name":"Home","item":"https:\/\/nightwatchepilepsy.com\/fr\/"},{"@type":"ListItem","position":2,"name":"Le p\u00e8re, Keith, parle de son fils Thomas qui souffre du syndrome de Dravet"}]},{"@type":"WebSite","@id":"https:\/\/nightwatchepilepsy.com\/fr\/#website","url":"https:\/\/nightwatchepilepsy.com\/fr\/","name":"NightWatch","description":"Epilepsy seizure detection | Warns during sleep","publisher":{"@id":"https:\/\/nightwatchepilepsy.com\/fr\/#organization"},"potentialAction":[{"@type":"SearchAction","target":{"@type":"EntryPoint","urlTemplate":"https:\/\/nightwatchepilepsy.com\/fr\/?s={search_term_string}"},"query-input":{"@type":"PropertyValueSpecification","valueRequired":true,"valueName":"search_term_string"}}],"inLanguage":"fr-FR"},{"@type":"Organization","@id":"https:\/\/nightwatchepilepsy.com\/fr\/#organization","name":"NightWatch Epilepsy Seizure Detection","alternateName":"NightWatch","url":"https:\/\/nightwatchepilepsy.com\/fr\/","logo":{"@type":"ImageObject","inLanguage":"fr-FR","@id":"https:\/\/nightwatchepilepsy.com\/fr\/#\/schema\/logo\/image\/","url":"https:\/\/nightwatchepilepsy.com\/wp-content\/uploads\/2023\/02\/NightWatch-Logo.png","contentUrl":"https:\/\/nightwatchepilepsy.com\/wp-content\/uploads\/2023\/02\/NightWatch-Logo.png","width":696,"height":696,"caption":"NightWatch Epilepsy Seizure Detection"},"image":{"@id":"https:\/\/nightwatchepilepsy.com\/fr\/#\/schema\/logo\/image\/"},"sameAs":["https:\/\/www.facebook.com\/EpilepsySeizureDetectionEN","https:\/\/x.com\/NightWatchAlarm","https:\/\/www.linkedin.com\/company\/nightwatch-epilepsy-detection\/","https:\/\/www.instagram.com\/nightwatch_epilepsie_detectie\/"]},{"@type":"Person","@id":"https:\/\/nightwatchepilepsy.com\/fr\/#\/schema\/person\/309fe94670ae4afc7cffa6edfac96860","name":"admin","image":{"@type":"ImageObject","inLanguage":"fr-FR","@id":"https:\/\/secure.gravatar.com\/avatar\/1b61b8bbcebf40e57978fc2f8d817bd18cbcdf211f4e36a56a352ac17e45acaa?s=96&d=mm&r=g","url":"https:\/\/secure.gravatar.com\/avatar\/1b61b8bbcebf40e57978fc2f8d817bd18cbcdf211f4e36a56a352ac17e45acaa?s=96&d=mm&r=g","contentUrl":"https:\/\/secure.gravatar.com\/avatar\/1b61b8bbcebf40e57978fc2f8d817bd18cbcdf211f4e36a56a352ac17e45acaa?s=96&d=mm&r=g","caption":"admin"},"sameAs":["https:\/\/nightwatchepilepsy.com"],"url":"https:\/\/nightwatchepilepsy.com\/fr\/author\/admin\/"}]}},"_links":{"self":[{"href":"https:\/\/nightwatchepilepsy.com\/fr\/wp-json\/wp\/v2\/posts\/27876","targetHints":{"allow":["GET"]}}],"collection":[{"href":"https:\/\/nightwatchepilepsy.com\/fr\/wp-json\/wp\/v2\/posts"}],"about":[{"href":"https:\/\/nightwatchepilepsy.com\/fr\/wp-json\/wp\/v2\/types\/post"}],"author":[{"embeddable":true,"href":"https:\/\/nightwatchepilepsy.com\/fr\/wp-json\/wp\/v2\/users\/1"}],"replies":[{"embeddable":true,"href":"https:\/\/nightwatchepilepsy.com\/fr\/wp-json\/wp\/v2\/comments?post=27876"}],"version-history":[{"count":8,"href":"https:\/\/nightwatchepilepsy.com\/fr\/wp-json\/wp\/v2\/posts\/27876\/revisions"}],"predecessor-version":[{"id":31584,"href":"https:\/\/nightwatchepilepsy.com\/fr\/wp-json\/wp\/v2\/posts\/27876\/revisions\/31584"}],"wp:featuredmedia":[{"embeddable":true,"href":"https:\/\/nightwatchepilepsy.com\/fr\/wp-json\/wp\/v2\/media\/26715"}],"wp:attachment":[{"href":"https:\/\/nightwatchepilepsy.com\/fr\/wp-json\/wp\/v2\/media?parent=27876"}],"wp:term":[{"taxonomy":"category","embeddable":true,"href":"https:\/\/nightwatchepilepsy.com\/fr\/wp-json\/wp\/v2\/categories?post=27876"},{"taxonomy":"post_tag","embeddable":true,"href":"https:\/\/nightwatchepilepsy.com\/fr\/wp-json\/wp\/v2\/tags?post=27876"}],"curies":[{"name":"wp","href":"https:\/\/api.w.org\/{rel}","templated":true}]}}