{"id":29477,"date":"2022-02-25T12:01:32","date_gmt":"2022-02-25T11:01:32","guid":{"rendered":"https:\/\/nightwatchepilepsy.com\/?p=29477"},"modified":"2022-10-30T22:14:24","modified_gmt":"2022-10-30T21:14:24","slug":"angst-zu-sterben","status":"publish","type":"post","link":"https:\/\/nightwatchepilepsy.com\/de\/angst-zu-sterben\/","title":{"rendered":"\u201eMama, ich habe Angst zu sterben\u201c"},"content":{"rendered":"<p>[et_pb_section fb_built=&#8220;1&#8243; _builder_version=&#8220;4.15&#8243; _module_preset=&#8220;default&#8220; global_colors_info=&#8220;{}&#8220;][et_pb_row column_structure=&#8220;2_5,3_5&#8243; _builder_version=&#8220;4.15&#8243; _module_preset=&#8220;default&#8220; custom_padding=&#8220;0px||||false|false&#8220; global_colors_info=&#8220;{}&#8220;][et_pb_column type=&#8220;2_5&#8243; _builder_version=&#8220;4.15&#8243; _module_preset=&#8220;default&#8220; global_colors_info=&#8220;{}&#8220;][et_pb_text _builder_version=&#8220;4.15&#8243; _module_preset=&#8220;default&#8220; global_colors_info=&#8220;{}&#8220;]<\/p>\n<p class=\"font_8\"><span>Selina, bald 6 Jahre, hat Epilepsie. Sie ist ein bildh\u00fcbsches aufgewecktes liebenswertes M\u00e4dchen mit gro\u00dfen Augen. Der erste gro\u00dfe Anfall war im November letzten Jahres, davor waren immer wieder Absencen &#8211; seit 2019. Auf einen grand mal Anfall, der im Krankenhaus in der Notaufnahme endet, war niemand vorbereitet, damit hat keiner gerechnet, auch die \u00c4rzte nicht, das Kind war ja stabil \u2013 anfallsfrei sozusagen. \u201eMama, ich habe Angst zu sterben\u201c \u2013 und das Einschlafen fiel der Kleinen noch Wochen nach dem ersten Anfall sehr schwer.<\/span><\/p>\n<p>[\/et_pb_text][\/et_pb_column][et_pb_column type=&#8220;3_5&#8243; _builder_version=&#8220;4.15&#8243; _module_preset=&#8220;default&#8220; global_colors_info=&#8220;{}&#8220;][et_pb_image src=&#8220;https:\/\/nightwatchepilepsy.com\/wp-content\/uploads\/2022\/02\/IMG_20210613_141815-2.jpg&#8220; title_text=&#8220;IMG_20210613_141815&#8243; _builder_version=&#8220;4.15.1&#8243; _module_preset=&#8220;default&#8220; width=&#8220;56%&#8220; custom_margin=&#8220;|||75px|false|false&#8220; hover_enabled=&#8220;0&#8243; global_colors_info=&#8220;{}&#8220; custom_margin_last_edited=&#8220;on|tablet&#8220; custom_margin_tablet=&#8220;|||0px|false|false&#8220; sticky_enabled=&#8220;0&#8243; custom_margin_phone=&#8220;|||0px|false|false&#8220;][\/et_pb_image][\/et_pb_column][\/et_pb_row][et_pb_row _builder_version=&#8220;4.15&#8243; _module_preset=&#8220;default&#8220; custom_padding=&#8220;0px||||false|false&#8220; global_colors_info=&#8220;{}&#8220;][et_pb_column type=&#8220;4_4&#8243; _builder_version=&#8220;4.15&#8243; _module_preset=&#8220;default&#8220; global_colors_info=&#8220;{}&#8220;][et_pb_text _builder_version=&#8220;4.15&#8243; _module_preset=&#8220;default&#8220; global_colors_info=&#8220;{}&#8220;]<\/p>\n<p><span>Susan, Selinas Mama, ist Pflegefachkraft und \u00fcbt diesen Beruf sehr gerne aus. Sie kommt aus einer\u00a0 gro\u00dfen Familie mit 10 Kindern (5 M\u00e4dchen und 5 Jungs) und als Kind hat sie selbst Absencen-Epilepsie seit dem 7. Lebensjahr erfahren, die dann mit den Jahren vorbei gingen. Fr\u00fcher wurde das Thema Epilepsie in der Familie oft wenig beachtet \u2013 ihre Mutter hat bei Absencen gedacht, \u201esie w\u00e4re betrunken\u201c. Susan hat einen Zwillingsbruder, sie selbst war Fr\u00fchchen und kam per Notkaiserschnitt zur Welt. In der Familie sind keine Dispositionen f\u00fcr Epilepsien bekannt und auch keine anderen Familienmitglieder betroffen. Bei ihrer Tochter m\u00f6chte sie einen Gentest zur Abkl\u00e4rung der Ursache durchf\u00fchren lassen. Der neue behandelnde Arzt unterst\u00fctzt sie dabei und sagte, dass diese Tests in 10 Jahren ganz normal sein werden.<\/span><\/p>\n<p>[\/et_pb_text][\/et_pb_column][\/et_pb_row][\/et_pb_section][et_pb_section fb_built=&#8220;1&#8243; _builder_version=&#8220;4.15&#8243; _module_preset=&#8220;default&#8220; background_color=&#8220;#f7f9fd&#8220; global_colors_info=&#8220;{}&#8220;][et_pb_row _builder_version=&#8220;4.15&#8243; _module_preset=&#8220;default&#8220; global_colors_info=&#8220;{}&#8220;][et_pb_column type=&#8220;4_4&#8243; _builder_version=&#8220;4.15&#8243; _module_preset=&#8220;default&#8220; global_colors_info=&#8220;{}&#8220;][et_pb_text _builder_version=&#8220;4.15&#8243; _module_preset=&#8220;default&#8220; global_colors_info=&#8220;{}&#8220;]<\/p>\n<div id=\"bgLayers_comp-kxa67yzf\" data-hook=\"bgLayers\" class=\"_3wnIc\">\n<div id=\"bgMedia_comp-kxa67yzf\" class=\"_2GUhU\">\n<div id=\"bgLayers_comp-kyvowzla\" data-hook=\"bgLayers\" class=\"_3wnIc\">\n<div id=\"bgMedia_comp-kyvowzla\" class=\"_2GUhU\"><\/div>\n<\/div>\n<div data-mesh-id=\"comp-kyvowzlainlineContent\" data-testid=\"inline-content\" class=\"\">\n<div data-mesh-id=\"comp-kyvowzlainlineContent-gridContainer\" data-testid=\"mesh-container-content\">\n<div id=\"comp-kyvowzle\" class=\"_2Hij5\" data-testid=\"richTextElement\">\n<p class=\"font_8\"><span><strong>Von Absencen zum grand mal Anfall<\/strong><br \/><\/span>Susan ist vom Fach und trotzdem im ersten Moment hilflos, wenn es um das Thema Epilepsie geht. \u201eWenn ein gro\u00dfer Anfall einen kleinen zarten K\u00f6rper fest sch\u00fcttelt, dann kriegen es alle im ersten Moment mit der Angst zu tun.\u201c Und danach hilft neben der medizinischen Versorgung und Betreuung nur, die Kleine fest an sich zu kuscheln und Trost zu spenden, so lange, bis beide \u2013 Mama und Tochter &#8211; \u00a0das Gef\u00fchl haben, dass es wieder besser geht. So ist das Leben halt.<\/p>\n<p class=\"font_8\">Bevor der gro\u00dfe Anfall das Leben von Susan und Selina von den F\u00fcssen auf den Kopf gestellt hat, war sie happy \u2013 das EEG war unauff\u00e4llig und deutlich verbessert. Es wurden verschiedene Medikamente ausprobiert, die jeweils unterschiedliche Nebenwirkungen hervorgerufen haben \u2013 von Teilnahmslosigkeit \u00fcber Appetitlosigkeit, Gewichtsverlust. Der Einsatz von Lamictal hat die Absencen vertrieben und kaum Nebenwirkungen \u2013 aber dann \u2013 der erste gro\u00dfe Anfall.<\/p>\n<\/div>\n<\/div>\n<\/div>\n<\/div>\n<\/div>\n<p>[\/et_pb_text][\/et_pb_column][\/et_pb_row][\/et_pb_section][et_pb_section fb_built=&#8220;1&#8243; _builder_version=&#8220;4.15.1&#8243; _module_preset=&#8220;default&#8220; hover_enabled=&#8220;0&#8243; global_colors_info=&#8220;{}&#8220; custom_padding_last_edited=&#8220;on|tablet&#8220; custom_padding_tablet=&#8220;0px||0px||false|false&#8220; sticky_enabled=&#8220;0&#8243; custom_padding_phone=&#8220;0px||0px||false|false&#8220;][et_pb_row column_structure=&#8220;1_3,2_3&#8243; _builder_version=&#8220;4.15&#8243; _module_preset=&#8220;default&#8220; global_colors_info=&#8220;{}&#8220;][et_pb_column type=&#8220;1_3&#8243; _builder_version=&#8220;4.15&#8243; _module_preset=&#8220;default&#8220; global_colors_info=&#8220;{}&#8220;][et_pb_image src=&#8220;https:\/\/nightwatchepilepsy.com\/wp-content\/uploads\/2022\/02\/IMG_20210613_141754-1.jpg&#8220; title_text=&#8220;rpt&#8220; _builder_version=&#8220;4.15.1&#8243; _module_preset=&#8220;default&#8220; width=&#8220;87%&#8220; custom_margin=&#8220;|||50px|false|false&#8220; hover_enabled=&#8220;0&#8243; global_colors_info=&#8220;{}&#8220; custom_margin_last_edited=&#8220;on|tablet&#8220; custom_margin_tablet=&#8220;|||0px|false|false&#8220; sticky_enabled=&#8220;0&#8243; custom_margin_phone=&#8220;|||0px|false|false&#8220;][\/et_pb_image][\/et_pb_column][et_pb_column type=&#8220;2_3&#8243; _builder_version=&#8220;4.15&#8243; _module_preset=&#8220;default&#8220; global_colors_info=&#8220;{}&#8220;][et_pb_text _builder_version=&#8220;4.15&#8243; _module_preset=&#8220;default&#8220; global_colors_info=&#8220;{}&#8220;]<\/p>\n<div id=\"bgLayers_comp-kxa67yzp1\" data-hook=\"bgLayers\" class=\"_3wnIc\">\n<div id=\"bgMedia_comp-kxa67yzp1\" class=\"_2GUhU\">\n<p class=\"font_8\"><span><strong>Never give up!<br \/><\/strong><\/span>Aber Susan und Selina geben nicht auf \u2013 das hat Susan als ehemalige Leistungssportlerin und Triathletin gelernt \u2013 nicht aufgeben \u2013 wie beim Sport: \u201eNever give up! Der Schmerz vergeht, und der Stolz bleibt \u2013 es geht vorw\u00e4rts. Es kostet viel Kraft und es tut weh. Aber man bekommt ja etwas daf\u00fcr. Die Liebe, die man bekommt. Und die Wertsch\u00e4tzung.\u201c<\/p>\n<p class=\"font_8\">Seit dem Anfall hat sich Susan auf die Suche nach n\u00e4chtlicher \u00dcberwachung gemacht, um sich sicherer zu f\u00fchlen. Bei Rehadat hat sie NightWatch gefunden \u2013 und NightWatch hat sie \u00fcberzeugt. Ihre Tochter liebt \u201edie Uhr\u201c \u2013 f\u00fcr sie ist es wie eine Armbanduhr \u2013 wie eine Sportuhr \u2013 darauf ist sie stolz, wenn sie sie abends \u00fcber ihren kleinen Arm streift. Und das Kinderbuch und Eule Yoyo passen dann in der Nacht gemeinsam mit der NightWatch auf sie auf. Dadurch k\u00f6nnen beide besser schlafen \u2013 Mutter und Tochter. \u201eIch kann wieder schlafen\u201c, sagt Susan, \u201enach dem Anfall waren wir beide fertig. Wir brauchten dringend eine L\u00f6sung\u201c. Der behandelnde Arzt Dr. Kutschke vom Caritas Klinikum Bad Mergentheim hat eine sozial-medizinische Begr\u00fcndung geschrieben und das Rezept ausgestellt und der Antrag wurde von der Krankenkasse innerhalb weniger Tage genehmigt. So ist allen geholfen.<\/p>\n<\/div>\n<\/div>\n<p>[\/et_pb_text][\/et_pb_column][\/et_pb_row][et_pb_row column_structure=&#8220;1_2,1_4,1_4&#8243; _builder_version=&#8220;4.15&#8243; _module_preset=&#8220;default&#8220; custom_padding=&#8220;0px||||false|false&#8220; global_colors_info=&#8220;{}&#8220;][et_pb_column type=&#8220;1_2&#8243; _builder_version=&#8220;4.15&#8243; _module_preset=&#8220;default&#8220; global_colors_info=&#8220;{}&#8220;][et_pb_text _builder_version=&#8220;4.15&#8243; _module_preset=&#8220;default&#8220; global_colors_info=&#8220;{}&#8220;]<\/p>\n<p class=\"font_8\"><span><strong>Besser schlafen dank NightWatch<\/strong><br \/><\/span>Nach der ersten Nacht mit NightWatch ist Selina aufgewacht ist und hat gesagt \u201eMama, ich habe gut geschlafen\u201c. Seitdem f\u00fchlt sich Susan erleichtert und es geht Schritt f\u00fcr Schritt besser. Im Kindergarten haben sie eine Integrationskraft und Selina geht zur Logop\u00e4din, um Entwicklungsverz\u00f6gerungen im Zusammenhang mit der Epilepsie auszugleichen. Sie nimmt ganz normal am Leben teil, sie ist ein fr\u00f6hliches und neugieriges Kind. Selina bastelt und malt gerne und ist am liebsten drau\u00dfen in der Natur, bei Pferden und Tieren. Pferde sind ihre Lieblingstiere \u2013 Gro\u00dfpferde selbstverst\u00e4ndlich. Mama und Tochter verbringen qualit\u00e4tsvolle Zeit miteinander. \u201eHeute hatte ich frei und wir waren mit Freunden 9 km spazieren, haben gemeinsam gefr\u00fchst\u00fcckt und den Tag drau\u00dfen verbracht.\u201c<\/p>\n<p>[\/et_pb_text][\/et_pb_column][et_pb_column type=&#8220;1_4&#8243; _builder_version=&#8220;4.15&#8243; _module_preset=&#8220;default&#8220; global_colors_info=&#8220;{}&#8220;][et_pb_image src=&#8220;https:\/\/nightwatchepilepsy.com\/wp-content\/uploads\/2022\/02\/IMG_20201011_174112-1.jpg&#8220; title_text=&#8220;IMG_20201011_174112&#8243; _builder_version=&#8220;4.15&#8243; _module_preset=&#8220;default&#8220; width=&#8220;110%&#8220; custom_margin=&#8220;||||false|false&#8220; hover_enabled=&#8220;0&#8243; global_colors_info=&#8220;{}&#8220; sticky_enabled=&#8220;0&#8243;][\/et_pb_image][\/et_pb_column][et_pb_column type=&#8220;1_4&#8243; _builder_version=&#8220;4.15&#8243; _module_preset=&#8220;default&#8220; global_colors_info=&#8220;{}&#8220;][et_pb_image src=&#8220;https:\/\/nightwatchepilepsy.com\/wp-content\/uploads\/2022\/02\/IMG_20210622_162111_1-1.jpg&#8220; title_text=&#8220;IMG_20210622_162111_1&#8243; _builder_version=&#8220;4.15.1&#8243; _module_preset=&#8220;default&#8220; width=&#8220;110%&#8220; custom_margin=&#8220;|||-37px|false|false&#8220; hover_enabled=&#8220;0&#8243; global_colors_info=&#8220;{}&#8220; custom_margin_last_edited=&#8220;on|tablet&#8220; custom_margin_tablet=&#8220;|||0px|false|false&#8220; sticky_enabled=&#8220;0&#8243; custom_margin_phone=&#8220;|||0px|false|false&#8220;][\/et_pb_image][\/et_pb_column][\/et_pb_row][et_pb_row column_structure=&#8220;2_5,3_5&#8243; _builder_version=&#8220;4.15&#8243; _module_preset=&#8220;default&#8220; global_colors_info=&#8220;{}&#8220;][et_pb_column type=&#8220;2_5&#8243; _builder_version=&#8220;4.15&#8243; _module_preset=&#8220;default&#8220; global_colors_info=&#8220;{}&#8220;][et_pb_image src=&#8220;https:\/\/nightwatchepilepsy.com\/wp-content\/uploads\/2022\/02\/IMG_20201025_125908-1.jpg&#8220; title_text=&#8220;IMG_20201025_125908&#8243; _builder_version=&#8220;4.15.1&#8243; _module_preset=&#8220;default&#8220; width=&#8220;63%&#8220; custom_margin=&#8220;|||100px|false|false&#8220; hover_enabled=&#8220;0&#8243; global_colors_info=&#8220;{}&#8220; custom_margin_last_edited=&#8220;on|tablet&#8220; custom_margin_tablet=&#8220;|||0px|false|false&#8220; sticky_enabled=&#8220;0&#8243; custom_margin_phone=&#8220;|||0px|false|false&#8220;][\/et_pb_image][\/et_pb_column][et_pb_column type=&#8220;3_5&#8243; _builder_version=&#8220;4.15&#8243; _module_preset=&#8220;default&#8220; global_colors_info=&#8220;{}&#8220;][et_pb_text _builder_version=&#8220;4.15&#8243; _module_preset=&#8220;default&#8220; global_colors_info=&#8220;{}&#8220;]<\/p>\n<p class=\"font_8\"><span><strong>Susan\u2019s Tipp f\u00fcr Eltern<\/strong><br \/><\/span>Susans Tipp an alle Eltern: \u201eEpilepsie sollte man nicht auf die leichte Schulter nehmen. Selina war immer selbst\u00e4ndig, aber sie war auch in einigen Sachen hintendran. Deswegen ist individuelle F\u00f6rderung und 1:1-Betreuung notwendig. Jemand, der auf die individuellen Bed\u00fcrfnisse eingehen kann und Verst\u00e4ndnis hat. Und es ist wichtig, dass man sein Kind gut kennt und wei\u00df, wann Aktivit\u00e4t und wann Ruhe notwendig ist. Eine gute Balance ist wichtig, und dass man sich informiert \u00fcber alle M\u00f6glichkeiten und Dinge im Zusammenhang mit der Epilepsie. Es ist wichtig, dass man ein gutes Netzwerk hat und nicht alleine ist. Und NightWatch hilft mir auch, meine Versagens\u00e4ngste als Mutter zu reduzieren. Ich habe das System mit dem Internet verbunden, schaue mir die Aufzeichnungen an, bespreche das mit dem Arzt und ich habe \u00fcber die<span>\u00a0<\/span><span><a href=\"https:\/\/helpilepsy.com\/de\/\" target=\"_blank\" rel=\"noreferrer noopener\" data-kmt=\"1\">App Helpilepsy<\/a><\/span><span>\u00a0<\/span>immer alle Daten im Zusammenhang mit der Epilepsie aktuell dabei. Das hilft mir und meiner Tochter sehr. Und vor allem der Gedanke, dass es immer weitergeht. Never give up!\u201c.<\/p>\n<p>[\/et_pb_text][\/et_pb_column][\/et_pb_row][et_pb_row _builder_version=&#8220;4.15&#8243; _module_preset=&#8220;default&#8220; global_colors_info=&#8220;{}&#8220;][et_pb_column type=&#8220;4_4&#8243; _builder_version=&#8220;4.15&#8243; _module_preset=&#8220;default&#8220; global_colors_info=&#8220;{}&#8220;][et_pb_text _builder_version=&#8220;4.15&#8243; _module_preset=&#8220;default&#8220; global_colors_info=&#8220;{}&#8220;]<\/p>\n<p><span>Eine NightWatchStory von\u00a0<\/span><span><a href=\"https:\/\/www.nightwatchepilepsy.com\/de\/about-us\" target=\"_self\" data-anchor=\"dataItem-kywu4fb0\" data-kmt=\"1\" rel=\"noopener\">Birgit-Elisabeth Langen<\/a><\/span><span>, Januar 2022<\/span><\/p>\n<p>[\/et_pb_text][\/et_pb_column][\/et_pb_row][\/et_pb_section]<\/p>\n","protected":false},"excerpt":{"rendered":"<p>Selina, bald 6 Jahre, hat Epilepsie. Sie ist ein bildh\u00fcbsches aufgewecktes liebenswertes M\u00e4dchen mit gro\u00dfen Augen.<\/p>\n","protected":false},"author":1,"featured_media":29486,"comment_status":"closed","ping_status":"closed","sticky":false,"template":"","format":"standard","meta":{"_et_pb_use_builder":"on","_et_pb_old_content":"","_et_gb_content_width":"","footnotes":""},"categories":[24],"tags":[],"class_list":["post-29477","post","type-post","status-publish","format-standard","has-post-thumbnail","hentry","category-nightwatch-stories"],"yoast_head":"<!-- This site is optimized with the Yoast SEO plugin v27.4 - https:\/\/yoast.com\/product\/yoast-seo-wordpress\/ -->\n<title>Mama, ich habe Angst zu sterben | Eine NightWatch-Geschichte<\/title>\n<meta name=\"description\" content=\"Selina, bald 6 Jahre, hat Epilepsie. Sie ist ein bildh\u00fcbsches aufgewecktes liebenswertes M\u00e4dchen mit gro\u00dfen Augen. Der erste gro\u00dfe Anfall war im November letzten Jahres, davor waren immer wieder Absencen. Auf einen grand mal Anfall, der im Krankenhaus in der Notaufnahme endet, war niemand vorbereitet.\" \/>\n<meta name=\"robots\" content=\"index, follow, max-snippet:-1, max-image-preview:large, max-video-preview:-1\" \/>\n<link rel=\"canonical\" href=\"https:\/\/nightwatchepilepsy.com\/de\/angst-zu-sterben\/\" \/>\n<meta property=\"og:locale\" content=\"de_DE\" \/>\n<meta property=\"og:type\" content=\"article\" \/>\n<meta property=\"og:title\" content=\"Mama, ich habe Angst zu sterben | Eine NightWatch-Geschichte\" \/>\n<meta property=\"og:description\" content=\"Selina, bald 6 Jahre, hat Epilepsie. Sie ist ein bildh\u00fcbsches aufgewecktes liebenswertes M\u00e4dchen mit gro\u00dfen Augen. Der erste gro\u00dfe Anfall war im November letzten Jahres, davor waren immer wieder Absencen. Auf einen grand mal Anfall, der im Krankenhaus in der Notaufnahme endet, war niemand vorbereitet.\" \/>\n<meta property=\"og:url\" content=\"https:\/\/nightwatchepilepsy.com\/de\/angst-zu-sterben\/\" \/>\n<meta property=\"og:site_name\" content=\"NightWatch\" \/>\n<meta property=\"article:publisher\" content=\"https:\/\/www.facebook.com\/EpilepsySeizureDetectionEN\" \/>\n<meta property=\"article:published_time\" content=\"2022-02-25T11:01:32+00:00\" \/>\n<meta property=\"article:modified_time\" content=\"2022-10-30T21:14:24+00:00\" \/>\n<meta property=\"og:image\" content=\"https:\/\/nightwatchepilepsy.com\/wp-content\/uploads\/2022\/02\/IMG_20210613_141815-2.jpg\" \/>\n\t<meta property=\"og:image:width\" content=\"1024\" \/>\n\t<meta property=\"og:image:height\" content=\"768\" \/>\n\t<meta property=\"og:image:type\" content=\"image\/jpeg\" \/>\n<meta name=\"author\" content=\"admin\" \/>\n<meta name=\"twitter:card\" content=\"summary_large_image\" \/>\n<meta name=\"twitter:title\" content=\"Mama, ich habe Angst zu sterben | Eine NightWatch-Geschichte\" \/>\n<meta name=\"twitter:description\" content=\"Selina, bald 6 Jahre, hat Epilepsie. Sie ist ein bildh\u00fcbsches aufgewecktes liebenswertes M\u00e4dchen mit gro\u00dfen Augen. Der erste gro\u00dfe Anfall war im November letzten Jahres, davor waren immer wieder Absencen. Auf einen grand mal Anfall, der im Krankenhaus in der Notaufnahme endet, war niemand vorbereitet.\" \/>\n<meta name=\"twitter:image\" content=\"https:\/\/nightwatchepilepsy.com\/wp-content\/uploads\/2022\/02\/IMG_20210613_141815-2.jpg\" \/>\n<meta name=\"twitter:creator\" content=\"@NightWatchAlarm\" \/>\n<meta name=\"twitter:site\" content=\"@NightWatchAlarm\" \/>\n<meta name=\"twitter:label1\" content=\"Verfasst von\" \/>\n\t<meta name=\"twitter:data1\" content=\"admin\" \/>\n<script type=\"application\/ld+json\" class=\"yoast-schema-graph\">{\"@context\":\"https:\\\/\\\/schema.org\",\"@graph\":[{\"@type\":\"Article\",\"@id\":\"https:\\\/\\\/nightwatchepilepsy.com\\\/de\\\/angst-zu-sterben\\\/#article\",\"isPartOf\":{\"@id\":\"https:\\\/\\\/nightwatchepilepsy.com\\\/de\\\/angst-zu-sterben\\\/\"},\"author\":{\"name\":\"admin\",\"@id\":\"https:\\\/\\\/nightwatchepilepsy.com\\\/de\\\/#\\\/schema\\\/person\\\/309fe94670ae4afc7cffa6edfac96860\"},\"headline\":\"\u201eMama, ich habe Angst zu sterben\u201c\",\"datePublished\":\"2022-02-25T11:01:32+00:00\",\"dateModified\":\"2022-10-30T21:14:24+00:00\",\"mainEntityOfPage\":{\"@id\":\"https:\\\/\\\/nightwatchepilepsy.com\\\/de\\\/angst-zu-sterben\\\/\"},\"wordCount\":1617,\"publisher\":{\"@id\":\"https:\\\/\\\/nightwatchepilepsy.com\\\/de\\\/#organization\"},\"image\":{\"@id\":\"https:\\\/\\\/nightwatchepilepsy.com\\\/de\\\/angst-zu-sterben\\\/#primaryimage\"},\"thumbnailUrl\":\"https:\\\/\\\/nightwatchepilepsy.com\\\/wp-content\\\/uploads\\\/2022\\\/02\\\/IMG_20210613_141815-1.jpg\",\"articleSection\":[\"NightWatch stories DE\"],\"inLanguage\":\"de\"},{\"@type\":\"WebPage\",\"@id\":\"https:\\\/\\\/nightwatchepilepsy.com\\\/de\\\/angst-zu-sterben\\\/\",\"url\":\"https:\\\/\\\/nightwatchepilepsy.com\\\/de\\\/angst-zu-sterben\\\/\",\"name\":\"Mama, ich habe Angst zu sterben | Eine NightWatch-Geschichte\",\"isPartOf\":{\"@id\":\"https:\\\/\\\/nightwatchepilepsy.com\\\/de\\\/#website\"},\"primaryImageOfPage\":{\"@id\":\"https:\\\/\\\/nightwatchepilepsy.com\\\/de\\\/angst-zu-sterben\\\/#primaryimage\"},\"image\":{\"@id\":\"https:\\\/\\\/nightwatchepilepsy.com\\\/de\\\/angst-zu-sterben\\\/#primaryimage\"},\"thumbnailUrl\":\"https:\\\/\\\/nightwatchepilepsy.com\\\/wp-content\\\/uploads\\\/2022\\\/02\\\/IMG_20210613_141815-1.jpg\",\"datePublished\":\"2022-02-25T11:01:32+00:00\",\"dateModified\":\"2022-10-30T21:14:24+00:00\",\"description\":\"Selina, bald 6 Jahre, hat Epilepsie. Sie ist ein bildh\u00fcbsches aufgewecktes liebenswertes M\u00e4dchen mit gro\u00dfen Augen. Der erste gro\u00dfe Anfall war im November letzten Jahres, davor waren immer wieder Absencen. Auf einen grand mal Anfall, der im Krankenhaus in der Notaufnahme endet, war niemand vorbereitet.\",\"breadcrumb\":{\"@id\":\"https:\\\/\\\/nightwatchepilepsy.com\\\/de\\\/angst-zu-sterben\\\/#breadcrumb\"},\"inLanguage\":\"de\",\"potentialAction\":[{\"@type\":\"ReadAction\",\"target\":[\"https:\\\/\\\/nightwatchepilepsy.com\\\/de\\\/angst-zu-sterben\\\/\"]}]},{\"@type\":\"ImageObject\",\"inLanguage\":\"de\",\"@id\":\"https:\\\/\\\/nightwatchepilepsy.com\\\/de\\\/angst-zu-sterben\\\/#primaryimage\",\"url\":\"https:\\\/\\\/nightwatchepilepsy.com\\\/wp-content\\\/uploads\\\/2022\\\/02\\\/IMG_20210613_141815-1.jpg\",\"contentUrl\":\"https:\\\/\\\/nightwatchepilepsy.com\\\/wp-content\\\/uploads\\\/2022\\\/02\\\/IMG_20210613_141815-1.jpg\",\"width\":640,\"height\":640},{\"@type\":\"BreadcrumbList\",\"@id\":\"https:\\\/\\\/nightwatchepilepsy.com\\\/de\\\/angst-zu-sterben\\\/#breadcrumb\",\"itemListElement\":[{\"@type\":\"ListItem\",\"position\":1,\"name\":\"Home\",\"item\":\"https:\\\/\\\/nightwatchepilepsy.com\\\/de\\\/\"},{\"@type\":\"ListItem\",\"position\":2,\"name\":\"\u201eMama, ich habe Angst zu sterben\u201c\"}]},{\"@type\":\"WebSite\",\"@id\":\"https:\\\/\\\/nightwatchepilepsy.com\\\/de\\\/#website\",\"url\":\"https:\\\/\\\/nightwatchepilepsy.com\\\/de\\\/\",\"name\":\"NightWatch\",\"description\":\"Epilepsy seizure detection | Warns during sleep\",\"publisher\":{\"@id\":\"https:\\\/\\\/nightwatchepilepsy.com\\\/de\\\/#organization\"},\"potentialAction\":[{\"@type\":\"SearchAction\",\"target\":{\"@type\":\"EntryPoint\",\"urlTemplate\":\"https:\\\/\\\/nightwatchepilepsy.com\\\/de\\\/?s={search_term_string}\"},\"query-input\":{\"@type\":\"PropertyValueSpecification\",\"valueRequired\":true,\"valueName\":\"search_term_string\"}}],\"inLanguage\":\"de\"},{\"@type\":\"Organization\",\"@id\":\"https:\\\/\\\/nightwatchepilepsy.com\\\/de\\\/#organization\",\"name\":\"NightWatch Epilepsy Seizure Detection\",\"alternateName\":\"NightWatch\",\"url\":\"https:\\\/\\\/nightwatchepilepsy.com\\\/de\\\/\",\"logo\":{\"@type\":\"ImageObject\",\"inLanguage\":\"de\",\"@id\":\"https:\\\/\\\/nightwatchepilepsy.com\\\/de\\\/#\\\/schema\\\/logo\\\/image\\\/\",\"url\":\"https:\\\/\\\/nightwatchepilepsy.com\\\/wp-content\\\/uploads\\\/2023\\\/02\\\/NightWatch-Logo.png\",\"contentUrl\":\"https:\\\/\\\/nightwatchepilepsy.com\\\/wp-content\\\/uploads\\\/2023\\\/02\\\/NightWatch-Logo.png\",\"width\":696,\"height\":696,\"caption\":\"NightWatch Epilepsy Seizure Detection\"},\"image\":{\"@id\":\"https:\\\/\\\/nightwatchepilepsy.com\\\/de\\\/#\\\/schema\\\/logo\\\/image\\\/\"},\"sameAs\":[\"https:\\\/\\\/www.facebook.com\\\/EpilepsySeizureDetectionEN\",\"https:\\\/\\\/x.com\\\/NightWatchAlarm\",\"https:\\\/\\\/www.linkedin.com\\\/company\\\/nightwatch-epilepsy-detection\\\/\",\"https:\\\/\\\/www.instagram.com\\\/nightwatch_epilepsie_detectie\\\/\"]},{\"@type\":\"Person\",\"@id\":\"https:\\\/\\\/nightwatchepilepsy.com\\\/de\\\/#\\\/schema\\\/person\\\/309fe94670ae4afc7cffa6edfac96860\",\"name\":\"admin\",\"image\":{\"@type\":\"ImageObject\",\"inLanguage\":\"de\",\"@id\":\"https:\\\/\\\/secure.gravatar.com\\\/avatar\\\/1b61b8bbcebf40e57978fc2f8d817bd18cbcdf211f4e36a56a352ac17e45acaa?s=96&d=mm&r=g\",\"url\":\"https:\\\/\\\/secure.gravatar.com\\\/avatar\\\/1b61b8bbcebf40e57978fc2f8d817bd18cbcdf211f4e36a56a352ac17e45acaa?s=96&d=mm&r=g\",\"contentUrl\":\"https:\\\/\\\/secure.gravatar.com\\\/avatar\\\/1b61b8bbcebf40e57978fc2f8d817bd18cbcdf211f4e36a56a352ac17e45acaa?s=96&d=mm&r=g\",\"caption\":\"admin\"},\"sameAs\":[\"https:\\\/\\\/nightwatchepilepsy.com\"],\"url\":\"https:\\\/\\\/nightwatchepilepsy.com\\\/de\\\/author\\\/admin\\\/\"}]}<\/script>\n<!-- \/ Yoast SEO plugin. -->","yoast_head_json":{"title":"Mama, ich habe Angst zu sterben | Eine NightWatch-Geschichte","description":"Selina, bald 6 Jahre, hat Epilepsie. Sie ist ein bildh\u00fcbsches aufgewecktes liebenswertes M\u00e4dchen mit gro\u00dfen Augen. Der erste gro\u00dfe Anfall war im November letzten Jahres, davor waren immer wieder Absencen. Auf einen grand mal Anfall, der im Krankenhaus in der Notaufnahme endet, war niemand vorbereitet.","robots":{"index":"index","follow":"follow","max-snippet":"max-snippet:-1","max-image-preview":"max-image-preview:large","max-video-preview":"max-video-preview:-1"},"canonical":"https:\/\/nightwatchepilepsy.com\/de\/angst-zu-sterben\/","og_locale":"de_DE","og_type":"article","og_title":"Mama, ich habe Angst zu sterben | Eine NightWatch-Geschichte","og_description":"Selina, bald 6 Jahre, hat Epilepsie. Sie ist ein bildh\u00fcbsches aufgewecktes liebenswertes M\u00e4dchen mit gro\u00dfen Augen. Der erste gro\u00dfe Anfall war im November letzten Jahres, davor waren immer wieder Absencen. Auf einen grand mal Anfall, der im Krankenhaus in der Notaufnahme endet, war niemand vorbereitet.","og_url":"https:\/\/nightwatchepilepsy.com\/de\/angst-zu-sterben\/","og_site_name":"NightWatch","article_publisher":"https:\/\/www.facebook.com\/EpilepsySeizureDetectionEN","article_published_time":"2022-02-25T11:01:32+00:00","article_modified_time":"2022-10-30T21:14:24+00:00","og_image":[{"width":1024,"height":768,"url":"https:\/\/nightwatchepilepsy.com\/wp-content\/uploads\/2022\/02\/IMG_20210613_141815-2.jpg","type":"image\/jpeg"}],"author":"admin","twitter_card":"summary_large_image","twitter_title":"Mama, ich habe Angst zu sterben | Eine NightWatch-Geschichte","twitter_description":"Selina, bald 6 Jahre, hat Epilepsie. Sie ist ein bildh\u00fcbsches aufgewecktes liebenswertes M\u00e4dchen mit gro\u00dfen Augen. Der erste gro\u00dfe Anfall war im November letzten Jahres, davor waren immer wieder Absencen. Auf einen grand mal Anfall, der im Krankenhaus in der Notaufnahme endet, war niemand vorbereitet.","twitter_image":"https:\/\/nightwatchepilepsy.com\/wp-content\/uploads\/2022\/02\/IMG_20210613_141815-2.jpg","twitter_creator":"@NightWatchAlarm","twitter_site":"@NightWatchAlarm","twitter_misc":{"Verfasst von":"admin"},"schema":{"@context":"https:\/\/schema.org","@graph":[{"@type":"Article","@id":"https:\/\/nightwatchepilepsy.com\/de\/angst-zu-sterben\/#article","isPartOf":{"@id":"https:\/\/nightwatchepilepsy.com\/de\/angst-zu-sterben\/"},"author":{"name":"admin","@id":"https:\/\/nightwatchepilepsy.com\/de\/#\/schema\/person\/309fe94670ae4afc7cffa6edfac96860"},"headline":"\u201eMama, ich habe Angst zu sterben\u201c","datePublished":"2022-02-25T11:01:32+00:00","dateModified":"2022-10-30T21:14:24+00:00","mainEntityOfPage":{"@id":"https:\/\/nightwatchepilepsy.com\/de\/angst-zu-sterben\/"},"wordCount":1617,"publisher":{"@id":"https:\/\/nightwatchepilepsy.com\/de\/#organization"},"image":{"@id":"https:\/\/nightwatchepilepsy.com\/de\/angst-zu-sterben\/#primaryimage"},"thumbnailUrl":"https:\/\/nightwatchepilepsy.com\/wp-content\/uploads\/2022\/02\/IMG_20210613_141815-1.jpg","articleSection":["NightWatch stories DE"],"inLanguage":"de"},{"@type":"WebPage","@id":"https:\/\/nightwatchepilepsy.com\/de\/angst-zu-sterben\/","url":"https:\/\/nightwatchepilepsy.com\/de\/angst-zu-sterben\/","name":"Mama, ich habe Angst zu sterben | Eine NightWatch-Geschichte","isPartOf":{"@id":"https:\/\/nightwatchepilepsy.com\/de\/#website"},"primaryImageOfPage":{"@id":"https:\/\/nightwatchepilepsy.com\/de\/angst-zu-sterben\/#primaryimage"},"image":{"@id":"https:\/\/nightwatchepilepsy.com\/de\/angst-zu-sterben\/#primaryimage"},"thumbnailUrl":"https:\/\/nightwatchepilepsy.com\/wp-content\/uploads\/2022\/02\/IMG_20210613_141815-1.jpg","datePublished":"2022-02-25T11:01:32+00:00","dateModified":"2022-10-30T21:14:24+00:00","description":"Selina, bald 6 Jahre, hat Epilepsie. Sie ist ein bildh\u00fcbsches aufgewecktes liebenswertes M\u00e4dchen mit gro\u00dfen Augen. Der erste gro\u00dfe Anfall war im November letzten Jahres, davor waren immer wieder Absencen. Auf einen grand mal Anfall, der im Krankenhaus in der Notaufnahme endet, war niemand vorbereitet.","breadcrumb":{"@id":"https:\/\/nightwatchepilepsy.com\/de\/angst-zu-sterben\/#breadcrumb"},"inLanguage":"de","potentialAction":[{"@type":"ReadAction","target":["https:\/\/nightwatchepilepsy.com\/de\/angst-zu-sterben\/"]}]},{"@type":"ImageObject","inLanguage":"de","@id":"https:\/\/nightwatchepilepsy.com\/de\/angst-zu-sterben\/#primaryimage","url":"https:\/\/nightwatchepilepsy.com\/wp-content\/uploads\/2022\/02\/IMG_20210613_141815-1.jpg","contentUrl":"https:\/\/nightwatchepilepsy.com\/wp-content\/uploads\/2022\/02\/IMG_20210613_141815-1.jpg","width":640,"height":640},{"@type":"BreadcrumbList","@id":"https:\/\/nightwatchepilepsy.com\/de\/angst-zu-sterben\/#breadcrumb","itemListElement":[{"@type":"ListItem","position":1,"name":"Home","item":"https:\/\/nightwatchepilepsy.com\/de\/"},{"@type":"ListItem","position":2,"name":"\u201eMama, ich habe Angst zu sterben\u201c"}]},{"@type":"WebSite","@id":"https:\/\/nightwatchepilepsy.com\/de\/#website","url":"https:\/\/nightwatchepilepsy.com\/de\/","name":"NightWatch","description":"Epilepsy seizure detection | Warns during sleep","publisher":{"@id":"https:\/\/nightwatchepilepsy.com\/de\/#organization"},"potentialAction":[{"@type":"SearchAction","target":{"@type":"EntryPoint","urlTemplate":"https:\/\/nightwatchepilepsy.com\/de\/?s={search_term_string}"},"query-input":{"@type":"PropertyValueSpecification","valueRequired":true,"valueName":"search_term_string"}}],"inLanguage":"de"},{"@type":"Organization","@id":"https:\/\/nightwatchepilepsy.com\/de\/#organization","name":"NightWatch Epilepsy Seizure Detection","alternateName":"NightWatch","url":"https:\/\/nightwatchepilepsy.com\/de\/","logo":{"@type":"ImageObject","inLanguage":"de","@id":"https:\/\/nightwatchepilepsy.com\/de\/#\/schema\/logo\/image\/","url":"https:\/\/nightwatchepilepsy.com\/wp-content\/uploads\/2023\/02\/NightWatch-Logo.png","contentUrl":"https:\/\/nightwatchepilepsy.com\/wp-content\/uploads\/2023\/02\/NightWatch-Logo.png","width":696,"height":696,"caption":"NightWatch Epilepsy Seizure Detection"},"image":{"@id":"https:\/\/nightwatchepilepsy.com\/de\/#\/schema\/logo\/image\/"},"sameAs":["https:\/\/www.facebook.com\/EpilepsySeizureDetectionEN","https:\/\/x.com\/NightWatchAlarm","https:\/\/www.linkedin.com\/company\/nightwatch-epilepsy-detection\/","https:\/\/www.instagram.com\/nightwatch_epilepsie_detectie\/"]},{"@type":"Person","@id":"https:\/\/nightwatchepilepsy.com\/de\/#\/schema\/person\/309fe94670ae4afc7cffa6edfac96860","name":"admin","image":{"@type":"ImageObject","inLanguage":"de","@id":"https:\/\/secure.gravatar.com\/avatar\/1b61b8bbcebf40e57978fc2f8d817bd18cbcdf211f4e36a56a352ac17e45acaa?s=96&d=mm&r=g","url":"https:\/\/secure.gravatar.com\/avatar\/1b61b8bbcebf40e57978fc2f8d817bd18cbcdf211f4e36a56a352ac17e45acaa?s=96&d=mm&r=g","contentUrl":"https:\/\/secure.gravatar.com\/avatar\/1b61b8bbcebf40e57978fc2f8d817bd18cbcdf211f4e36a56a352ac17e45acaa?s=96&d=mm&r=g","caption":"admin"},"sameAs":["https:\/\/nightwatchepilepsy.com"],"url":"https:\/\/nightwatchepilepsy.com\/de\/author\/admin\/"}]}},"_links":{"self":[{"href":"https:\/\/nightwatchepilepsy.com\/de\/wp-json\/wp\/v2\/posts\/29477","targetHints":{"allow":["GET"]}}],"collection":[{"href":"https:\/\/nightwatchepilepsy.com\/de\/wp-json\/wp\/v2\/posts"}],"about":[{"href":"https:\/\/nightwatchepilepsy.com\/de\/wp-json\/wp\/v2\/types\/post"}],"author":[{"embeddable":true,"href":"https:\/\/nightwatchepilepsy.com\/de\/wp-json\/wp\/v2\/users\/1"}],"replies":[{"embeddable":true,"href":"https:\/\/nightwatchepilepsy.com\/de\/wp-json\/wp\/v2\/comments?post=29477"}],"version-history":[{"count":6,"href":"https:\/\/nightwatchepilepsy.com\/de\/wp-json\/wp\/v2\/posts\/29477\/revisions"}],"predecessor-version":[{"id":33741,"href":"https:\/\/nightwatchepilepsy.com\/de\/wp-json\/wp\/v2\/posts\/29477\/revisions\/33741"}],"wp:featuredmedia":[{"embeddable":true,"href":"https:\/\/nightwatchepilepsy.com\/de\/wp-json\/wp\/v2\/media\/29486"}],"wp:attachment":[{"href":"https:\/\/nightwatchepilepsy.com\/de\/wp-json\/wp\/v2\/media?parent=29477"}],"wp:term":[{"taxonomy":"category","embeddable":true,"href":"https:\/\/nightwatchepilepsy.com\/de\/wp-json\/wp\/v2\/categories?post=29477"},{"taxonomy":"post_tag","embeddable":true,"href":"https:\/\/nightwatchepilepsy.com\/de\/wp-json\/wp\/v2\/tags?post=29477"}],"curies":[{"name":"wp","href":"https:\/\/api.w.org\/{rel}","templated":true}]}}